{"id":319149,"date":"2021-12-23T22:08:58","date_gmt":"2021-12-24T02:08:58","guid":{"rendered":"http:\/\/diariodominicano.com\/?p=319149"},"modified":"2021-12-23T22:08:58","modified_gmt":"2021-12-24T02:08:58","slug":"cuba-premia-a-sus-mejores-atletas-en-2021","status":"publish","type":"post","link":"https:\/\/diariodominicano.com\/?p=319149","title":{"rendered":"Cuba premia a sus mejores atletas en 2021"},"content":{"rendered":"\n<h1 class=\"wp-block-heading\"><\/h1>\n\n\n\n<p>La Habana, 23 dic (Prensa Latina) Entre m\u00fasica y ovaciones variopintas, Cuba agasaj\u00f3 hoy a sus mejores atletas en el a\u00f1o 2021, con una gala colmada de campeones ol\u00edmpicos, mundiales y panamericanos que brillaron en un ciclo competitivo marcado por la Covid-19.Share on facebook&nbsp;Share on twitter&nbsp;Share on whatsapp&nbsp;Share on telegram&nbsp;Share on email<\/p>\n\n\n\n<ul class=\"wp-block-list\"><li>diciembre 23, 2021<\/li><li>CST17:29 (GMT) -0500<\/li><\/ul>\n\n\n\n<ul class=\"wp-block-list\"><li>Fotos: Jit<\/li><\/ul>\n\n\n\n<p>Con el sabor propio de los ritmos caribe\u00f1os sobre las tablas del Teatro Jos\u00e9 Mart\u00ed, en esta capital, los estelares Mija\u00edn L\u00f3pez (lucha grecorromana) e Idalys Ortiz (judo) recibieron sus galardones como los m\u00e1s destacados en la categor\u00eda de convencionales, tras brillar en la justa de Tokio 2020.<\/p>\n\n\n\n<p><img loading=\"lazy\" decoding=\"async\" src=\"https:\/\/www.prensa-latina.cu\/wp-content\/uploads\/2021\/12\/FHU3NAIX0AEqWNS.jpg\" alt=\"idalis ortiz \" width=\"680\" height=\"453\" srcset=\"https:\/\/www.prensa-latina.cu\/wp-content\/uploads\/2021\/12\/FHU3NAIX0AEqWNS.jpg 680w, https:\/\/www.prensa-latina.cu\/wp-content\/uploads\/2021\/12\/FHU3NAIX0AEqWNS-300x200.jpg 300w, https:\/\/www.prensa-latina.cu\/wp-content\/uploads\/2021\/12\/FHU3NAIX0AEqWNS-150x100.jpg 150w\">A sus 39 a\u00f1os, L\u00f3pez, de los 130 kilogramos, obtuvo \u2013por en\u00e9sima vez- el respeto de sus hom\u00f3logos, mientras retumbaron en los pensamientos aquellos tackles y desbalances logrados para llevarse su cuarta corona bajo los cinco aros, convirti\u00e9ndose en el \u00fanico grequista en la historia con esa cantidad de reinados.<\/p>\n\n\n\n<p>Y por si fuera poco, el \u201cGigante de Herradura\u201d tambi\u00e9n estamp\u00f3 en su curr\u00edculo el lauro Acontecimiento del A\u00f1o, al dar continuidad a sus t\u00edtulos en Beijing 2008, Londres 2012 y R\u00edo de Janeiro 2016, algo similar al recibido en octubre por la Asociaci\u00f3n de Comit\u00e9s Ol\u00edmpicos Nacionales.<\/p>\n\n\n\n<p><img loading=\"lazy\" decoding=\"async\" src=\"https:\/\/www.prensa-latina.cu\/wp-content\/uploads\/2021\/12\/FHU3EkRWUAM3CfM.jpg\" alt=\"omara durand \" width=\"680\" height=\"453\" srcset=\"https:\/\/www.prensa-latina.cu\/wp-content\/uploads\/2021\/12\/FHU3EkRWUAM3CfM.jpg 680w, https:\/\/www.prensa-latina.cu\/wp-content\/uploads\/2021\/12\/FHU3EkRWUAM3CfM-300x200.jpg 300w, https:\/\/www.prensa-latina.cu\/wp-content\/uploads\/2021\/12\/FHU3EkRWUAM3CfM-150x100.jpg 150w\">Ortiz, en tanto, alcanz\u00f3 en la capital japonesa una medalla de plata con sabor a oro en m\u00e1s de 78 kilos, luego de dis\u00edmiles infortunios, entre ellos solventar el coronavirus SARS-CoV-2, completar un ciclo de entrenamientos de apenas ocho semanas y poseer escaso fogueo en cert\u00e1menes de alto rango.<\/p>\n\n\n\n<p>Como principal deporte individual fue premiado el boxeo, en justo reconocimiento a su actuaci\u00f3n ol\u00edmpica y en la lid universal; mientras el canotaje cobr\u00f3 protagonismo con la dupla de Fernando Day\u00e1n Jorge y Serguey Torres (C2-1000 metros) y Yarisleidis Cirilo triunfadores en los apartados evento no individual y novel m\u00e1s relevante.<\/p>\n\n\n\n<p>Asimismo, Miguel \u00c1ngel L\u00f3pez (voleibol) y Lidianny Echevarr\u00eda (voleibol de playa) resultaron los mejores entre las disciplinas colectivas; al tiempo que Arlenis Sierra (ciclismo) hizo suyo el galard\u00f3n de atleta m\u00e1s relevante en contrato al amparo de su federaci\u00f3n.<\/p>\n\n\n\n<p>El listado incluy\u00f3 a Julio C\u00e9sar La Cruz, Andy Cruz y Roniel Iglesias, todos de boxeo, as\u00ed como a Luis Orta (lucha), Leuris Pupo (tiro deportivo), Rafael Alba (taekwondo), Juan Miguel Echevarr\u00eda (atletismo), Yaim\u00e9 P\u00e9rez (atletismo) y los citados Fernando Day\u00e1n Jorge y Serguey Torres.<\/p>\n\n\n\n<p>En otra elecci\u00f3n esperada, la velocista Omara Durand se situ\u00f3 en la cima de los deportistas con discapacidad, respaldada por sus tres coronas paral\u00edmpicas (100, 200 y 400 metros) en la tierra del Sol Naciente, mientras entre los hombres gan\u00f3 el saltador de longitud Robiel Yankiel Sol.<\/p>\n\n\n\n<p>Igual resultaron homenajeados Leinier Sav\u00f3n (categor\u00eda T-12), Leonardo D\u00edaz (F-56), Ulicer Aguilera (F-13) y Guillermo Varona (F-46), todos de paratletismo, as\u00ed como Yunier Fern\u00e1ndez (paratenis de mesa, T-1) y Lorenzo P\u00e9rez (paranataci\u00f3n, estilo libre, S-6).<\/p>\n\n\n\n<p>Completaron el grupo de protagonistas los parajudocas Yordanis Fern\u00e1ndez (100, B-3) y Geraldo Rodr\u00edguez (81, B-3) y los parapesistas On\u00edger Drake (88) y Leidy Rodr\u00edguez (41).<\/p>\n\n\n\n<p>Los presentes en la instalaci\u00f3n cultural aplaudieron a la comitiva de la isla que compiti\u00f3 en los I Juegos Panamericanos de Cali-Valle 2021 y a los m\u00e9dicos e investigadores de la naci\u00f3n caribe\u00f1a que enfrentan plet\u00f3ricos de valent\u00eda el actual periodo pand\u00e9mico.<\/p>\n\n\n\n<p>msm\/jdg<\/p>\n","protected":false},"excerpt":{"rendered":"<p>La Habana, 23 dic (Prensa Latina) Entre m\u00fasica y ovaciones variopintas, Cuba agasaj\u00f3 hoy a sus mejores atletas en el a\u00f1o 2021, con una gala colmada de campeones ol\u00edmpicos, mundiales y panamericanos que brillaron en un ciclo competitivo marcado por la Covid-19.Share on facebook&nbsp;Share on twitter&nbsp;Share on whatsapp&nbsp;Share on telegram&nbsp;Share on email diciembre 23, 2021 [&hellip;]<\/p>\n","protected":false},"author":2,"featured_media":319150,"comment_status":"closed","ping_status":"","sticky":true,"template":"","format":"standard","meta":{"footnotes":""},"categories":[17,27],"tags":[],"class_list":["post-319149","post","type-post","status-publish","format-standard","has-post-thumbnail","hentry","category-deportes","category-portada"],"_links":{"self":[{"href":"https:\/\/diariodominicano.com\/index.php?rest_route=\/wp\/v2\/posts\/319149","targetHints":{"allow":["GET"]}}],"collection":[{"href":"https:\/\/diariodominicano.com\/index.php?rest_route=\/wp\/v2\/posts"}],"about":[{"href":"https:\/\/diariodominicano.com\/index.php?rest_route=\/wp\/v2\/types\/post"}],"author":[{"embeddable":true,"href":"https:\/\/diariodominicano.com\/index.php?rest_route=\/wp\/v2\/users\/2"}],"replies":[{"embeddable":true,"href":"https:\/\/diariodominicano.com\/index.php?rest_route=%2Fwp%2Fv2%2Fcomments&post=319149"}],"version-history":[{"count":1,"href":"https:\/\/diariodominicano.com\/index.php?rest_route=\/wp\/v2\/posts\/319149\/revisions"}],"predecessor-version":[{"id":319151,"href":"https:\/\/diariodominicano.com\/index.php?rest_route=\/wp\/v2\/posts\/319149\/revisions\/319151"}],"wp:featuredmedia":[{"embeddable":true,"href":"https:\/\/diariodominicano.com\/index.php?rest_route=\/wp\/v2\/media\/319150"}],"wp:attachment":[{"href":"https:\/\/diariodominicano.com\/index.php?rest_route=%2Fwp%2Fv2%2Fmedia&parent=319149"}],"wp:term":[{"taxonomy":"category","embeddable":true,"href":"https:\/\/diariodominicano.com\/index.php?rest_route=%2Fwp%2Fv2%2Fcategories&post=319149"},{"taxonomy":"post_tag","embeddable":true,"href":"https:\/\/diariodominicano.com\/index.php?rest_route=%2Fwp%2Fv2%2Ftags&post=319149"}],"curies":[{"name":"wp","href":"https:\/\/api.w.org\/{rel}","templated":true}]}}