{"id":319128,"date":"2021-12-23T21:46:00","date_gmt":"2021-12-24T01:46:00","guid":{"rendered":"http:\/\/diariodominicano.com\/?p=319128"},"modified":"2021-12-23T21:48:17","modified_gmt":"2021-12-24T01:48:17","slug":"marroqui-ezzalzouli-invitado-a-disputar-la-copa-africa-de-futbol","status":"publish","type":"post","link":"https:\/\/diariodominicano.com\/?p=319128","title":{"rendered":"Marroqu\u00ed Ezzalzouli invitado a disputar la Copa \u00c1frica de f\u00fatbol"},"content":{"rendered":"\n<h1 class=\"wp-block-heading\"><\/h1>\n\n\n\n<p>Washington, 23 dic (Prensa Latina) El marroqu\u00ed Abde Ezzalzouli, delantero del Barcelona espa\u00f1ol, recibi\u00f3 una invitaci\u00f3n para disputar la Copa \u00c1frica de f\u00fatbol, del 9 de enero al 6 de febrero en Camer\u00fan, divulg\u00f3 la cadena estadounidense ESPN Digital.<\/p>\n\n\n\n<p><\/p>\n\n\n\n<ul class=\"wp-block-list\"><li>diciembre 23, 2021<\/li><li>CST15:05 (GMT) -0500<\/li><\/ul>\n\n\n\n<p>Ezzalzouli, de 20 a\u00f1os, no ha debutado a\u00fan con el equipo de su pa\u00eds, pero su excelente progresi\u00f3n acapar\u00f3 la atenci\u00f3n del bosnio Vahid Halilhodzic, t\u00e9cnico del conjunto marroqu\u00ed.<\/p>\n\n\n\n<p>Seg\u00fan precisaron fuentes del Bar\u00e7a al medio norteamericano, el atacante no confirm\u00f3 todav\u00eda su participaci\u00f3n en la justa continental, pero es poco improbable que rechace la convocatoria.<\/p>\n\n\n\n<p>En caso de confirmarse su asistencia al torneo, Ezzalzouli se perder\u00eda con seguridad cinco partidos del combinado cul\u00e9 (que podr\u00edan ser seis si el equipo de Xavi elimina al Real Madrid en la semifinal de la Supercopa de Espa\u00f1a).<\/p>\n\n\n\n<p>El delantero no estar\u00eda de esta forma disponible para los cotejos de la Liga espa\u00f1ola frente a Mallorca y Granada, adem\u00e1s del duelo de Copa del Rey contra el Linares, y el siguiente en caso de eliminarlo, y la Supercopa de Espa\u00f1a.<\/p>\n\n\n\n<p>Si Marruecos superara la fase de grupos y pasa a los octavos de final, del 23 al 25 de enero, el atacante tampoco estar\u00eda disponible para disputar el desaf\u00edo de Liga ante el Alav\u00e9s.<\/p>\n\n\n\n<p>La siguiente semana, el 2 de febrero, el Bar\u00e7a deber\u00eda jugar los cuartos de final de la Copa, que probablemente tampoco tendr\u00eda a disposici\u00f3n a Abde si pasa a cuartos de final (del 29 al 30 de enero), jug\u00e1ndose las semifinales y final del torneo los d\u00edas 2-3 y 6 de febrero, el mismo domingo que el Bar\u00e7a recibir\u00e1 en el Camp Nou al Atl\u00e9tico de Madrid.<\/p>\n\n\n\n<p>La ausencia de Ezzalzouli, quien ya debut\u00f3 en el primer equipo bajo la direcci\u00f3n de Sergi Barjuan, golpear\u00eda al conjunto azulgrana, aunque podr\u00eda recuperar a Ansu Fati, el dan\u00e9s Martin Braithwaite y el neerland\u00e9s Memphis Depay, adem\u00e1s de Pedro Gonz\u00e1lez \u00abPedri\u00bb.<\/p>\n\n\n\n<p>msm\/am<\/p>\n","protected":false},"excerpt":{"rendered":"<p>Washington, 23 dic (Prensa Latina) El marroqu\u00ed Abde Ezzalzouli, delantero del Barcelona espa\u00f1ol, recibi\u00f3 una invitaci\u00f3n para disputar la Copa \u00c1frica de f\u00fatbol, del 9 de enero al 6 de febrero en Camer\u00fan, divulg\u00f3 la cadena estadounidense ESPN Digital. diciembre 23, 2021 CST15:05 (GMT) -0500 Ezzalzouli, de 20 a\u00f1os, no ha debutado a\u00fan con el [&hellip;]<\/p>\n","protected":false},"author":2,"featured_media":319133,"comment_status":"closed","ping_status":"","sticky":true,"template":"","format":"standard","meta":{"footnotes":""},"categories":[17,27],"tags":[],"class_list":["post-319128","post","type-post","status-publish","format-standard","has-post-thumbnail","hentry","category-deportes","category-portada"],"_links":{"self":[{"href":"https:\/\/diariodominicano.com\/index.php?rest_route=\/wp\/v2\/posts\/319128","targetHints":{"allow":["GET"]}}],"collection":[{"href":"https:\/\/diariodominicano.com\/index.php?rest_route=\/wp\/v2\/posts"}],"about":[{"href":"https:\/\/diariodominicano.com\/index.php?rest_route=\/wp\/v2\/types\/post"}],"author":[{"embeddable":true,"href":"https:\/\/diariodominicano.com\/index.php?rest_route=\/wp\/v2\/users\/2"}],"replies":[{"embeddable":true,"href":"https:\/\/diariodominicano.com\/index.php?rest_route=%2Fwp%2Fv2%2Fcomments&post=319128"}],"version-history":[{"count":2,"href":"https:\/\/diariodominicano.com\/index.php?rest_route=\/wp\/v2\/posts\/319128\/revisions"}],"predecessor-version":[{"id":319135,"href":"https:\/\/diariodominicano.com\/index.php?rest_route=\/wp\/v2\/posts\/319128\/revisions\/319135"}],"wp:featuredmedia":[{"embeddable":true,"href":"https:\/\/diariodominicano.com\/index.php?rest_route=\/wp\/v2\/media\/319133"}],"wp:attachment":[{"href":"https:\/\/diariodominicano.com\/index.php?rest_route=%2Fwp%2Fv2%2Fmedia&parent=319128"}],"wp:term":[{"taxonomy":"category","embeddable":true,"href":"https:\/\/diariodominicano.com\/index.php?rest_route=%2Fwp%2Fv2%2Fcategories&post=319128"},{"taxonomy":"post_tag","embeddable":true,"href":"https:\/\/diariodominicano.com\/index.php?rest_route=%2Fwp%2Fv2%2Ftags&post=319128"}],"curies":[{"name":"wp","href":"https:\/\/api.w.org\/{rel}","templated":true}]}}