{"id":319087,"date":"2021-12-23T19:16:01","date_gmt":"2021-12-23T23:16:01","guid":{"rendered":"http:\/\/diariodominicano.com\/?p=319087"},"modified":"2021-12-23T19:16:01","modified_gmt":"2021-12-23T23:16:01","slug":"pele-ex-astro-del-futbol-brasileno-recibe-alta-luego-de-17-dias-hospitalizado-para-quimioterapia-contra-cancer-de-colon","status":"publish","type":"post","link":"https:\/\/diariodominicano.com\/?p=319087","title":{"rendered":"Pel\u00e9, ex astro del f\u00fatbol brasile\u00f1o recibe alta luego de 17 d\u00edas hospitalizado para quimioterapia contra c\u00e1ncer de colon"},"content":{"rendered":"\n<p>diariodominicano.com<a rel=\"noreferrer noopener\" href=\"https:\/\/www.xinhua-news.com\/gdsdetailxhs\/share\/10761080-?pageflag=iframe\" target=\"_blank\"><\/a><\/p>\n\n\n\n<pre id=\"text-news-description\" class=\"wp-block-preformatted\">   SAO PAULO, 23 dic (Xinhua) -- El ex astro del f\u00fatbol brasile\u00f1o Edson Arantes do Nascimento o Pel\u00e9, de 81 a\u00f1os, fue dado de alta hoy jueves despu\u00e9s de 17 d\u00edas de hospitalizaci\u00f3n para someterse a un tratamiento de quimioterapia contra un c\u00e1ncer de colon, informaron sus m\u00e9dicos.\n   Pel\u00e9, tricampe\u00f3n mundial de f\u00fatbol con la selecci\u00f3n brasile\u00f1a, recibi\u00f3 el alta del Hospital Albert Einstein de Sao Paulo, adonde hab\u00eda sido ingresado el pasado 7 de diciembre.\n   El llamado \"rey del f\u00fatbol\" \"fue dado de alta y se encuentra estable y seguir\u00e1 con el tratamiento del tumor de colon identificado en septiembre de este a\u00f1o\", indic\u00f3 el bolet\u00edn m\u00e9dico divulgado por el hospital privado.\n   Pel\u00e9 se someti\u00f3 a una sesi\u00f3n de quimioterapia el pasado 8 de diciembre, seg\u00fan relat\u00f3 en la oportunidad su hija Kelly Nascimento, quien hizo una publicaci\u00f3n al respecto en las redes sociales.\n   Elegido mejor atleta del siglo XX por la Federaci\u00f3n Internacional de F\u00fatbol Asociado (FIFA), Pel\u00e9 es el m\u00e1ximo \u00eddolo del balompi\u00e9 de Brasil por haber sido la estrella en las conquistas de los mundiales de Suecia 1958, Chile 1962 y M\u00e9xico 1970.\n   Pel\u00e9 fue operado el 4 de septiembre en el mismo hospital para someterse a la remoci\u00f3n de un c\u00e1ncer de colon, tras lo cual inici\u00f3 un tratamiento de quimioterapia. <\/pre>\n","protected":false},"excerpt":{"rendered":"<p>diariodominicano.com SAO PAULO, 23 dic (Xinhua) &#8212; El ex astro del f\u00fatbol brasile\u00f1o Edson Arantes do Nascimento o Pel\u00e9, de 81 a\u00f1os, fue dado de alta hoy jueves despu\u00e9s de 17 d\u00edas de hospitalizaci\u00f3n para someterse a un tratamiento de quimioterapia contra un c\u00e1ncer de colon, informaron sus m\u00e9dicos. Pel\u00e9, tricampe\u00f3n mundial de f\u00fatbol con [&hellip;]<\/p>\n","protected":false},"author":5,"featured_media":319088,"comment_status":"closed","ping_status":"","sticky":true,"template":"","format":"standard","meta":{"footnotes":""},"categories":[17,27],"tags":[],"class_list":["post-319087","post","type-post","status-publish","format-standard","has-post-thumbnail","hentry","category-deportes","category-portada"],"_links":{"self":[{"href":"https:\/\/diariodominicano.com\/index.php?rest_route=\/wp\/v2\/posts\/319087","targetHints":{"allow":["GET"]}}],"collection":[{"href":"https:\/\/diariodominicano.com\/index.php?rest_route=\/wp\/v2\/posts"}],"about":[{"href":"https:\/\/diariodominicano.com\/index.php?rest_route=\/wp\/v2\/types\/post"}],"author":[{"embeddable":true,"href":"https:\/\/diariodominicano.com\/index.php?rest_route=\/wp\/v2\/users\/5"}],"replies":[{"embeddable":true,"href":"https:\/\/diariodominicano.com\/index.php?rest_route=%2Fwp%2Fv2%2Fcomments&post=319087"}],"version-history":[{"count":1,"href":"https:\/\/diariodominicano.com\/index.php?rest_route=\/wp\/v2\/posts\/319087\/revisions"}],"predecessor-version":[{"id":319089,"href":"https:\/\/diariodominicano.com\/index.php?rest_route=\/wp\/v2\/posts\/319087\/revisions\/319089"}],"wp:featuredmedia":[{"embeddable":true,"href":"https:\/\/diariodominicano.com\/index.php?rest_route=\/wp\/v2\/media\/319088"}],"wp:attachment":[{"href":"https:\/\/diariodominicano.com\/index.php?rest_route=%2Fwp%2Fv2%2Fmedia&parent=319087"}],"wp:term":[{"taxonomy":"category","embeddable":true,"href":"https:\/\/diariodominicano.com\/index.php?rest_route=%2Fwp%2Fv2%2Fcategories&post=319087"},{"taxonomy":"post_tag","embeddable":true,"href":"https:\/\/diariodominicano.com\/index.php?rest_route=%2Fwp%2Fv2%2Ftags&post=319087"}],"curies":[{"name":"wp","href":"https:\/\/api.w.org\/{rel}","templated":true}]}}