{"id":318966,"date":"2021-12-23T10:12:58","date_gmt":"2021-12-23T14:12:58","guid":{"rendered":"http:\/\/diariodominicano.com\/?p=318966"},"modified":"2021-12-23T10:12:58","modified_gmt":"2021-12-23T14:12:58","slug":"club-san-lazaro-es-premiado-club-del-ano-en-abadina","status":"publish","type":"post","link":"https:\/\/diariodominicano.com\/?p=318966","title":{"rendered":"Club San L\u00e1zaro es premiado Club del A\u00f1o en Abadina"},"content":{"rendered":"\n<p> <strong>Giselle Capell\u00e1n, presidenta del club San L\u00e1zaro, recibe de Milton D\u00edaz, tesorero de Abadina, el galard\u00f3n de Club del A\u00f1o de Abadina. Figuran, directivos de Abadina, lazare\u00f1os, t\u00e9cnicos y atletas de esa entidad. <\/strong><\/p>\n\n\n\n<p>Obtiene distinci\u00f3n por tercer a\u00f1o seguido; Yerkin Figuereo es el Dirigente del A\u00f1o<\/p>\n\n\n\n<p><strong>SANTO DOMINGO, RD.- <\/strong>El club L\u00e1zaro fue premiado este mi\u00e9rcoles como \u201cClub del A\u00f1o\u201d por la Asociaci\u00f3n de Baloncesto del Distrito Nacional (Abadina), en el acto de premiaci\u00f3n final que se celebr\u00f3 en el Palacio de los Deportes Profesor Virgilio Travieso Soto.<\/p>\n\n\n\n<figure class=\"wp-block-image size-large\"><img loading=\"lazy\" decoding=\"async\" width=\"1024\" height=\"699\" src=\"https:\/\/diariodominicano.com\/wp-content\/uploads\/2021\/12\/Giselle-Capellan-presidenta-del-club-San-Lazaro-recibe-de-Milton-Diaz-tesorero-de-Abadina-el-galardon-de-Club-del-Ano-de-Abadina.-1024x699.jpg\" alt=\"\" class=\"wp-image-318968\" srcset=\"https:\/\/diariodominicano.com\/wp-content\/uploads\/2021\/12\/Giselle-Capellan-presidenta-del-club-San-Lazaro-recibe-de-Milton-Diaz-tesorero-de-Abadina-el-galardon-de-Club-del-Ano-de-Abadina.-1024x699.jpg 1024w, https:\/\/diariodominicano.com\/wp-content\/uploads\/2021\/12\/Giselle-Capellan-presidenta-del-club-San-Lazaro-recibe-de-Milton-Diaz-tesorero-de-Abadina-el-galardon-de-Club-del-Ano-de-Abadina.-300x205.jpg 300w, https:\/\/diariodominicano.com\/wp-content\/uploads\/2021\/12\/Giselle-Capellan-presidenta-del-club-San-Lazaro-recibe-de-Milton-Diaz-tesorero-de-Abadina-el-galardon-de-Club-del-Ano-de-Abadina.-768x524.jpg 768w, https:\/\/diariodominicano.com\/wp-content\/uploads\/2021\/12\/Giselle-Capellan-presidenta-del-club-San-Lazaro-recibe-de-Milton-Diaz-tesorero-de-Abadina-el-galardon-de-Club-del-Ano-de-Abadina.-816x557.jpg 816w, https:\/\/diariodominicano.com\/wp-content\/uploads\/2021\/12\/Giselle-Capellan-presidenta-del-club-San-Lazaro-recibe-de-Milton-Diaz-tesorero-de-Abadina-el-galardon-de-Club-del-Ano-de-Abadina..jpg 1280w\" sizes=\"auto, (max-width: 1024px) 100vw, 1024px\" \/><\/figure>\n\n\n\n<p>Los lazare\u00f1os se alzaron con el principal galard\u00f3n que otorga la Abadina por tercer consecutivo y cuyo trofeo que lo&nbsp;acredita fue recibido por su presidenta Giselle Capell\u00e1n, junto a los directivos Fernando G\u00f3mez, Alex Rodr\u00edguez y Dimitri Mendoza, entre otros.<\/p>\n\n\n\n<p>En total lograron 11 puntos, el m\u00e1ximo alcanzado entre todos sus pares, por su sobresaliente actuaci\u00f3n durante las competencias de todo el a\u00f1o en los torneos organizados por la Abadina. Rafael Barias fue el segundo lugar con ocho y Villa Francisca en tercero con cinco puntos.<\/p>\n\n\n\n<figure class=\"wp-block-image size-large\"><img loading=\"lazy\" decoding=\"async\" width=\"790\" height=\"1024\" src=\"https:\/\/diariodominicano.com\/wp-content\/uploads\/2021\/12\/Rafael-Faneytte-del-programa-Cancha-Entera-recibe-un-reconocimiento-de-Edwin-Castillo-y-Diego-Pesqueira.-790x1024.jpg\" alt=\"\" class=\"wp-image-318969\" srcset=\"https:\/\/diariodominicano.com\/wp-content\/uploads\/2021\/12\/Rafael-Faneytte-del-programa-Cancha-Entera-recibe-un-reconocimiento-de-Edwin-Castillo-y-Diego-Pesqueira.-790x1024.jpg 790w, https:\/\/diariodominicano.com\/wp-content\/uploads\/2021\/12\/Rafael-Faneytte-del-programa-Cancha-Entera-recibe-un-reconocimiento-de-Edwin-Castillo-y-Diego-Pesqueira.-232x300.jpg 232w, https:\/\/diariodominicano.com\/wp-content\/uploads\/2021\/12\/Rafael-Faneytte-del-programa-Cancha-Entera-recibe-un-reconocimiento-de-Edwin-Castillo-y-Diego-Pesqueira.-768x995.jpg 768w, https:\/\/diariodominicano.com\/wp-content\/uploads\/2021\/12\/Rafael-Faneytte-del-programa-Cancha-Entera-recibe-un-reconocimiento-de-Edwin-Castillo-y-Diego-Pesqueira.-816x1057.jpg 816w, https:\/\/diariodominicano.com\/wp-content\/uploads\/2021\/12\/Rafael-Faneytte-del-programa-Cancha-Entera-recibe-un-reconocimiento-de-Edwin-Castillo-y-Diego-Pesqueira..jpg 988w\" sizes=\"auto, (max-width: 790px) 100vw, 790px\" \/><\/figure>\n\n\n\n<p><strong> Rafael Faneytte, del programa Cancha Entera, recibe un reconocimiento de Edwin Castillo y Diego Pesqueira. <\/strong><\/p>\n\n\n\n<p>San L\u00e1zaro, en el superior femenino fue el equipo campe\u00f3n, y U-19 masculino; un segundo en el U19 femenino que conquist\u00f3 el club Rafael Barias, y San Carlos qued\u00f3 en tercero.<\/p>\n\n\n\n<p>Tambi\u00e9n fue el primer lugar en el U14 masculino y el tercero en el U13 varon\u00edl, que tuvo como ganador al club Mauricio B\u00e1ez y un segundo puesto del club Honduras del Oeste.<\/p>\n\n\n\n<figure class=\"wp-block-image size-large\"><img loading=\"lazy\" decoding=\"async\" width=\"1024\" height=\"991\" src=\"https:\/\/diariodominicano.com\/wp-content\/uploads\/2021\/12\/Yerkin-Figuereo-del-club-Rafael-Barias-fue-premiado-como-Dirigente-del-Ano-de-Abadina-por-Edwin-Castillo-y-Gilberto-De-la-Cruz.-1024x991.jpg\" alt=\"\" class=\"wp-image-318970\" srcset=\"https:\/\/diariodominicano.com\/wp-content\/uploads\/2021\/12\/Yerkin-Figuereo-del-club-Rafael-Barias-fue-premiado-como-Dirigente-del-Ano-de-Abadina-por-Edwin-Castillo-y-Gilberto-De-la-Cruz.-1024x991.jpg 1024w, https:\/\/diariodominicano.com\/wp-content\/uploads\/2021\/12\/Yerkin-Figuereo-del-club-Rafael-Barias-fue-premiado-como-Dirigente-del-Ano-de-Abadina-por-Edwin-Castillo-y-Gilberto-De-la-Cruz.-300x290.jpg 300w, https:\/\/diariodominicano.com\/wp-content\/uploads\/2021\/12\/Yerkin-Figuereo-del-club-Rafael-Barias-fue-premiado-como-Dirigente-del-Ano-de-Abadina-por-Edwin-Castillo-y-Gilberto-De-la-Cruz.-768x743.jpg 768w, https:\/\/diariodominicano.com\/wp-content\/uploads\/2021\/12\/Yerkin-Figuereo-del-club-Rafael-Barias-fue-premiado-como-Dirigente-del-Ano-de-Abadina-por-Edwin-Castillo-y-Gilberto-De-la-Cruz.-816x790.jpg 816w, https:\/\/diariodominicano.com\/wp-content\/uploads\/2021\/12\/Yerkin-Figuereo-del-club-Rafael-Barias-fue-premiado-como-Dirigente-del-Ano-de-Abadina-por-Edwin-Castillo-y-Gilberto-De-la-Cruz..jpg 1280w\" sizes=\"auto, (max-width: 1024px) 100vw, 1024px\" \/><\/figure>\n\n\n\n<p><strong> Yerkin Figuereo, del club Rafael Barias, fue premiado como Dirigente del A\u00f1o de Abadina por Edwin Castillo y Gilberto De la Cruz. <\/strong><\/p>\n\n\n\n<p>En el U13 femenino, gan\u00f3 el t\u00edtulo el club Rafael Barias, en segundo lugar se ubic\u00f3 Villa Francisca y en tercero el club Alonzo Perdomo.<\/p>\n\n\n\n<p>El 14 femenino qued\u00f3 como campe\u00f3n el club Villa Francisca, con un segundo esca\u00f1o para el Barias y en tercero el Mauricio B\u00e1ez.<\/p>\n\n\n\n<p><strong>Dirigente del A\u00f1o<\/strong><\/p>\n\n\n\n<p>Yerkin Figuereo, del club Rafael Barias, fue premiado como Dirigente del A\u00f1o de Abadina por Edwin Castillo y Gilberto De la Cruz.<\/p>\n\n\n\n<p>Entre otros reconocimientos, se le entreg\u00f3 uno al comunicador Rafael Faneytte, del programa Cancha Entera, por su apoyo incondicional al baloncesto distrital en todas sus categor\u00edas.<\/p>\n\n\n\n<p><strong>Acto de premiaci\u00f3n<\/strong><\/p>\n\n\n\n<p>La premiaci\u00f3n fue encabezada por el coronel (PN) Diego Pesqueira, vicepresidente de Abadina y actual presidente en funciones, ya que el titular de la instituci\u00f3n Jos\u00e9 Heredia Castillo padece quebrantos de salud que por el momento le imposibilitan ejercer el puesto.<\/p>\n\n\n\n<p>Con Pesqueira estuvieron Milton D\u00edaz, tesorero; Edwin Castillo (Tatico), secretario general; Gilberto De la Cruz, secretario de organizaci\u00f3n; y los vocales Ana Vargas y Rub\u00e9n Montes De Oca.<\/p>\n\n\n\n<p>Pesqueira, en sus palabras centrales en el acto de premiaci\u00f3n, expres\u00f3 que \u201cAbadina cumpli\u00f3 su calendario de actividades de todo el a\u00f1o 2021 con un rotundo \u00e9xito, gracias a los esfuerzos de la directiva, pero en especial al trabajo del presidente Heredia Castillo, a quien le deseamos una pronta recuperaci\u00f3n en su estado de salud, y dedicamos el acto de premiaci\u00f3n.<\/p>\n\n\n\n<p>Destac\u00f3 adem\u00e1s, que los clubes San L\u00e1zaro, Mauricio B\u00e1ez, San Carlos y el Rafael Barias fueron los \u00fanicos que participaron en las ocho categor\u00edas de los torneos que realizada Abadina, y Villa Francisca lo hizo en seis de ocho.<\/p>\n\n\n\n<p>Odalis Sanchez<a target=\"_blank\" href=\"mailto:odalissanchez@gmail.com\" rel=\"noreferrer noopener\">odalissanchez@gmail.com<\/a><\/p>\n","protected":false},"excerpt":{"rendered":"<p>Giselle Capell\u00e1n, presidenta del club San L\u00e1zaro, recibe de Milton D\u00edaz, tesorero de Abadina, el galard\u00f3n de Club del A\u00f1o de Abadina. Figuran, directivos de Abadina, lazare\u00f1os, t\u00e9cnicos y atletas de esa entidad. Obtiene distinci\u00f3n por tercer a\u00f1o seguido; Yerkin Figuereo es el Dirigente del A\u00f1o SANTO DOMINGO, RD.- El club L\u00e1zaro fue premiado este [&hellip;]<\/p>\n","protected":false},"author":28,"featured_media":318967,"comment_status":"closed","ping_status":"","sticky":true,"template":"","format":"standard","meta":{"footnotes":""},"categories":[17,27],"tags":[],"class_list":["post-318966","post","type-post","status-publish","format-standard","has-post-thumbnail","hentry","category-deportes","category-portada"],"_links":{"self":[{"href":"https:\/\/diariodominicano.com\/index.php?rest_route=\/wp\/v2\/posts\/318966","targetHints":{"allow":["GET"]}}],"collection":[{"href":"https:\/\/diariodominicano.com\/index.php?rest_route=\/wp\/v2\/posts"}],"about":[{"href":"https:\/\/diariodominicano.com\/index.php?rest_route=\/wp\/v2\/types\/post"}],"author":[{"embeddable":true,"href":"https:\/\/diariodominicano.com\/index.php?rest_route=\/wp\/v2\/users\/28"}],"replies":[{"embeddable":true,"href":"https:\/\/diariodominicano.com\/index.php?rest_route=%2Fwp%2Fv2%2Fcomments&post=318966"}],"version-history":[{"count":1,"href":"https:\/\/diariodominicano.com\/index.php?rest_route=\/wp\/v2\/posts\/318966\/revisions"}],"predecessor-version":[{"id":318971,"href":"https:\/\/diariodominicano.com\/index.php?rest_route=\/wp\/v2\/posts\/318966\/revisions\/318971"}],"wp:featuredmedia":[{"embeddable":true,"href":"https:\/\/diariodominicano.com\/index.php?rest_route=\/wp\/v2\/media\/318967"}],"wp:attachment":[{"href":"https:\/\/diariodominicano.com\/index.php?rest_route=%2Fwp%2Fv2%2Fmedia&parent=318966"}],"wp:term":[{"taxonomy":"category","embeddable":true,"href":"https:\/\/diariodominicano.com\/index.php?rest_route=%2Fwp%2Fv2%2Fcategories&post=318966"},{"taxonomy":"post_tag","embeddable":true,"href":"https:\/\/diariodominicano.com\/index.php?rest_route=%2Fwp%2Fv2%2Ftags&post=318966"}],"curies":[{"name":"wp","href":"https:\/\/api.w.org\/{rel}","templated":true}]}}