{"id":318848,"date":"2021-12-22T23:30:01","date_gmt":"2021-12-23T03:30:01","guid":{"rendered":"http:\/\/diariodominicano.com\/?p=318848"},"modified":"2021-12-22T23:30:01","modified_gmt":"2021-12-23T03:30:01","slug":"fedojudo-celebrara-asamblea-ordinaria-anual-el-29-de-este-mes","status":"publish","type":"post","link":"https:\/\/diariodominicano.com\/?p=318848","title":{"rendered":"Fedojudo celebrar\u00e1 asamblea ordinaria anual el 29 de este mes\u00a0"},"content":{"rendered":"\n<p><strong> Licenciado Gilberto Garc\u00eda, presidente de la Federaci\u00f3n de Judo.\u00a0&#8230; <\/strong><\/p>\n\n\n\n<p><strong>SANTO DOMINGO<\/strong>.\u00a0La Federaci\u00f3n Dominicana de Judo (Fedojudo) celebrar\u00e1 el pr\u00f3ximo mi\u00e9rcoles 29 del  cursante diciembre  a las 10 de la ma\u00f1ana, su\u00a0Asamblea\u00a0Ordinaria\u00a0Anual en el sal\u00f3n de conferencias de la Casa Nacional del Judo en el Centro Ol\u00edmpico.\u00a0\u00a0<\/p>\n\n\n\n<figure class=\"wp-block-image size-large\"><img loading=\"lazy\" decoding=\"async\" width=\"1024\" height=\"683\" src=\"https:\/\/diariodominicano.com\/wp-content\/uploads\/2021\/12\/Gilberto-Garcia_-02-1024x683.jpg\" alt=\"\" class=\"wp-image-318851\" srcset=\"https:\/\/diariodominicano.com\/wp-content\/uploads\/2021\/12\/Gilberto-Garcia_-02-1024x683.jpg 1024w, https:\/\/diariodominicano.com\/wp-content\/uploads\/2021\/12\/Gilberto-Garcia_-02-300x200.jpg 300w, https:\/\/diariodominicano.com\/wp-content\/uploads\/2021\/12\/Gilberto-Garcia_-02-768x512.jpg 768w, https:\/\/diariodominicano.com\/wp-content\/uploads\/2021\/12\/Gilberto-Garcia_-02-1536x1024.jpg 1536w, https:\/\/diariodominicano.com\/wp-content\/uploads\/2021\/12\/Gilberto-Garcia_-02-2048x1365.jpg 2048w, https:\/\/diariodominicano.com\/wp-content\/uploads\/2021\/12\/Gilberto-Garcia_-02-816x544.jpg 816w\" sizes=\"auto, (max-width: 1024px) 100vw, 1024px\" \/><\/figure>\n\n\n\n<p>En tal sentido, la&nbsp;Fedojudo&nbsp;convoca a todas las asociaciones afiliadas al organismo, y la&nbsp;asamblea&nbsp;se realiza en consonancia con lo establecido en los art\u00edculos 19 y 20 de los estatutos vigentes.&nbsp;&nbsp;<\/p>\n\n\n\n<p>La agenda de la&nbsp;asamblea&nbsp;establece como punto de inicio la comprobaci\u00f3n del qu\u00f3rum, a cargo de la secretaria general de la entidad, Luisa Mart\u00ednez, as\u00ed como informes del presidente de la&nbsp;Fedojudo, el tesorero y la direcci\u00f3n t\u00e9cnica.&nbsp;&nbsp;<\/p>\n\n\n\n<p>Tambi\u00e9n se conocer\u00e1 el programa de actividades del a\u00f1o 2022 de la&nbsp;Fedojudo, y cerrar\u00e1 con la aprobaci\u00f3n del presupuesto del pr\u00f3ximo a\u00f1o.&nbsp;&nbsp;<\/p>\n\n\n\n<p>Al encuentro han sido convocados los directivos de las asociaciones con derecho a voz y voto de Azua, Barahona, San Crist\u00f3bal, San Juan de la Maguana, Monte Plata, San Pedro de Macor\u00eds, La Romana, La Vega, Santiago, Puerto Plata, Duarte, Valverde, Distrito Nacional, Santo Domingo y Hermanas Mirabal.&nbsp;&nbsp;<\/p>\n\n\n\n<p>Tambi\u00e9n est\u00e1n llamadas las asociaciones de Bahoruco, Dajab\u00f3n, El Seibo, El\u00edas Pi\u00f1a, Espaillat, Hato Mayor, Independencia, La Altagracia, Mar\u00eda Trinidad S\u00e1nchez, Monse\u00f1or Nouel, Monte Cristi, Pedernales, Peravia, Saman\u00e1, San Jos\u00e9 de Ocoa, S\u00e1nchez Ram\u00edrez y Santiago Rodr\u00edguez.\u00a0\u00a0<\/p>\n\n\n\n<p>Jesus Leonardo<a rel=\"noreferrer noopener\" target=\"_blank\" href=\"mailto:hajofra@hotmail.com\">hajofra@hotmail.com<\/a><\/p>\n\n\n\n<p><\/p>\n","protected":false},"excerpt":{"rendered":"<p>Licenciado Gilberto Garc\u00eda, presidente de la Federaci\u00f3n de Judo.\u00a0&#8230; SANTO DOMINGO.\u00a0La Federaci\u00f3n Dominicana de Judo (Fedojudo) celebrar\u00e1 el pr\u00f3ximo mi\u00e9rcoles 29 del cursante diciembre a las 10 de la ma\u00f1ana, su\u00a0Asamblea\u00a0Ordinaria\u00a0Anual en el sal\u00f3n de conferencias de la Casa Nacional del Judo en el Centro Ol\u00edmpico.\u00a0\u00a0 En tal sentido, la&nbsp;Fedojudo&nbsp;convoca a todas las asociaciones afiliadas [&hellip;]<\/p>\n","protected":false},"author":28,"featured_media":318850,"comment_status":"closed","ping_status":"","sticky":true,"template":"","format":"standard","meta":{"footnotes":""},"categories":[17,27],"tags":[],"class_list":["post-318848","post","type-post","status-publish","format-standard","has-post-thumbnail","hentry","category-deportes","category-portada"],"_links":{"self":[{"href":"https:\/\/diariodominicano.com\/index.php?rest_route=\/wp\/v2\/posts\/318848","targetHints":{"allow":["GET"]}}],"collection":[{"href":"https:\/\/diariodominicano.com\/index.php?rest_route=\/wp\/v2\/posts"}],"about":[{"href":"https:\/\/diariodominicano.com\/index.php?rest_route=\/wp\/v2\/types\/post"}],"author":[{"embeddable":true,"href":"https:\/\/diariodominicano.com\/index.php?rest_route=\/wp\/v2\/users\/28"}],"replies":[{"embeddable":true,"href":"https:\/\/diariodominicano.com\/index.php?rest_route=%2Fwp%2Fv2%2Fcomments&post=318848"}],"version-history":[{"count":1,"href":"https:\/\/diariodominicano.com\/index.php?rest_route=\/wp\/v2\/posts\/318848\/revisions"}],"predecessor-version":[{"id":318852,"href":"https:\/\/diariodominicano.com\/index.php?rest_route=\/wp\/v2\/posts\/318848\/revisions\/318852"}],"wp:featuredmedia":[{"embeddable":true,"href":"https:\/\/diariodominicano.com\/index.php?rest_route=\/wp\/v2\/media\/318850"}],"wp:attachment":[{"href":"https:\/\/diariodominicano.com\/index.php?rest_route=%2Fwp%2Fv2%2Fmedia&parent=318848"}],"wp:term":[{"taxonomy":"category","embeddable":true,"href":"https:\/\/diariodominicano.com\/index.php?rest_route=%2Fwp%2Fv2%2Fcategories&post=318848"},{"taxonomy":"post_tag","embeddable":true,"href":"https:\/\/diariodominicano.com\/index.php?rest_route=%2Fwp%2Fv2%2Ftags&post=318848"}],"curies":[{"name":"wp","href":"https:\/\/api.w.org\/{rel}","templated":true}]}}