{"id":318499,"date":"2021-12-21T17:47:46","date_gmt":"2021-12-21T21:47:46","guid":{"rendered":"http:\/\/diariodominicano.com\/?p=318499"},"modified":"2021-12-21T17:48:48","modified_gmt":"2021-12-21T21:48:48","slug":"fedogim-cita-metas-y-aprueba-informes-en-asamblea-ordinaria","status":"publish","type":"post","link":"https:\/\/diariodominicano.com\/?p=318499","title":{"rendered":"Fedogim cita metas y aprueba informes en asamblea ordinaria\u00a0"},"content":{"rendered":"\n<p><\/p>\n\n\n\n<p> Directivos de la\u00a0Fedogim\u00a0y miembros de las distintas asociaciones que se dieron cita a la\u00a0asamblea\u00a0ordinaria de la entidad. <\/p>\n\n\n\n<p><strong>SANTO DOMINGO<\/strong>.\u00a0La Federaci\u00f3n Dominicana de Gimnasia (Fedogim) defini\u00f3 los prop\u00f3sitos para el pr\u00f3ximo a\u00f1o en la asamblea general ordinaria y en la que tambi\u00e9n fueron aprobados los informes correspondientes al 2021.\u00a0<\/p>\n\n\n\n<p>Entre los principales prop\u00f3sitos que tendr\u00e1 en agenda para el pr\u00f3ximo a\u00f1o la&nbsp;Fedogim&nbsp;figura el seguimiento el seguimiento a los diferentes proyectos de desarrollo propios del organismo, seg\u00fan los planteamientos emitidos durante la&nbsp;asamblea&nbsp;celebrada en el hotel Hamaca, en Boca Chica.&nbsp;<\/p>\n\n\n\n<p>Los asamble\u00edstas tambi\u00e9n aprobaron a unanimidad los informes econ\u00f3micos, t\u00e9cnico y el del presidente.&nbsp;<\/p>\n\n\n\n<figure class=\"wp-block-image size-large\"><img loading=\"lazy\" decoding=\"async\" width=\"1024\" height=\"461\" src=\"https:\/\/diariodominicano.com\/wp-content\/uploads\/2021\/12\/20211120_184325-1-1024x461.jpg\" alt=\"\" class=\"wp-image-318503\" srcset=\"https:\/\/diariodominicano.com\/wp-content\/uploads\/2021\/12\/20211120_184325-1-1024x461.jpg 1024w, https:\/\/diariodominicano.com\/wp-content\/uploads\/2021\/12\/20211120_184325-1-300x135.jpg 300w, https:\/\/diariodominicano.com\/wp-content\/uploads\/2021\/12\/20211120_184325-1-768x346.jpg 768w, https:\/\/diariodominicano.com\/wp-content\/uploads\/2021\/12\/20211120_184325-1-1536x691.jpg 1536w, https:\/\/diariodominicano.com\/wp-content\/uploads\/2021\/12\/20211120_184325-1-2048x922.jpg 2048w, https:\/\/diariodominicano.com\/wp-content\/uploads\/2021\/12\/20211120_184325-1-816x367.jpg 816w\" sizes=\"auto, (max-width: 1024px) 100vw, 1024px\" \/><\/figure>\n\n\n\n<p>La medalla de oro ganada por el gimnasta Jabiel Polanco en los Primeros Juegos Panamericanos Juniors celebrados en Cali, Colombia, fue resaltada como uno de los principales logros de la gimnasia en el 2021, as\u00ed como la participaci\u00f3n del atleta en el evento de M\u00e9xico, donde obtuvo preseas de oro y bronce.&nbsp;<\/p>\n\n\n\n<p>\u201cEstamos enfocados en lograr nuestros prop\u00f3sitos como deporte.&nbsp;El trabajo constante ha de rendir los frutos\u201d, manifest\u00f3 el ingeniero Edwin Rodr\u00edguez, presidente de la&nbsp;Fedogim.&nbsp;<\/p>\n\n\n\n<p>La&nbsp;Asamblea&nbsp;Ordinaria Informativa de la&nbsp;Fedogim&nbsp;incluy\u00f3 el per\u00edodo octubre 2020 a noviembre 2021, y los detalles de los objetivos planteados y los logros.&nbsp;<\/p>\n\n\n\n<p>El ingeniero Edwin Rodr\u00edguez dio apertura formal a la&nbsp;asamblea&nbsp;y de inmediato present\u00f3 el informe de actividades&nbsp;realizadas durante el a\u00f1o 2021, destacando las competencias federativas y los cursos de capacitaci\u00f3n para jueces y talleres dirigidos a los profesores de educaci\u00f3n f\u00edsica, as\u00ed como los resultados logrados en el plano internacional.&nbsp;<\/p>\n\n\n\n<p>El dirigente deportivo tuvo palabras de agradecimiento para el ministerio de Deportes, preside el ingeniero Francisco Camacho, por los aportes entregados para la compra de los aparatos para la provincia Hermanas Mirabal y la adquisici\u00f3n de la fosa en el Pabell\u00f3n del Parque del Este.&nbsp;<\/p>\n\n\n\n<p>Adem\u00e1s, resalt\u00f3 el apoyo del Grupo Creando Sue\u00f1os Ol\u00edmpicos (Creso) y el Comit\u00e9 Ol\u00edmpico Dominicano para que fuera una realidad los resultados obtenidos.&nbsp;<\/p>\n\n\n\n<p>La profesora Belkys Gallardo, vicepresidenta de la Fedogim, dio a conocer el progreso en el aspecto t\u00e9cnico y cit\u00f3 algunos puntos que se tomar\u00e1n en cuenta en las competencias federativas.&nbsp;<\/p>\n\n\n\n<p>Los asamble\u00edstas tambi\u00e9n ratificaron a Jos\u00e9 Gabriel Valerio de Le\u00f3n como secretario general, en sustituci\u00f3n del fenecido dirigente Fernando Whyte. &nbsp;<\/p>\n\n\n\n<p>Valerio de Le\u00f3n ya hab\u00eda sido elegido por el comit\u00e9 ejecutivo de la Fedogim en una reuni\u00f3n ordinaria.\u00a0<\/p>\n\n\n\n<p><strong>Jesus Leonardo<\/strong>\u00a0&lt;hajofra@hotmail.com><\/p>\n\n\n\n<p><strong>\u00a0<\/strong><\/p>\n","protected":false},"excerpt":{"rendered":"<p>Directivos de la\u00a0Fedogim\u00a0y miembros de las distintas asociaciones que se dieron cita a la\u00a0asamblea\u00a0ordinaria de la entidad. SANTO DOMINGO.\u00a0La Federaci\u00f3n Dominicana de Gimnasia (Fedogim) defini\u00f3 los prop\u00f3sitos para el pr\u00f3ximo a\u00f1o en la asamblea general ordinaria y en la que tambi\u00e9n fueron aprobados los informes correspondientes al 2021.\u00a0 Entre los principales prop\u00f3sitos que tendr\u00e1 en [&hellip;]<\/p>\n","protected":false},"author":28,"featured_media":318500,"comment_status":"closed","ping_status":"","sticky":true,"template":"","format":"standard","meta":{"footnotes":""},"categories":[17,27],"tags":[],"class_list":["post-318499","post","type-post","status-publish","format-standard","has-post-thumbnail","hentry","category-deportes","category-portada"],"_links":{"self":[{"href":"https:\/\/diariodominicano.com\/index.php?rest_route=\/wp\/v2\/posts\/318499","targetHints":{"allow":["GET"]}}],"collection":[{"href":"https:\/\/diariodominicano.com\/index.php?rest_route=\/wp\/v2\/posts"}],"about":[{"href":"https:\/\/diariodominicano.com\/index.php?rest_route=\/wp\/v2\/types\/post"}],"author":[{"embeddable":true,"href":"https:\/\/diariodominicano.com\/index.php?rest_route=\/wp\/v2\/users\/28"}],"replies":[{"embeddable":true,"href":"https:\/\/diariodominicano.com\/index.php?rest_route=%2Fwp%2Fv2%2Fcomments&post=318499"}],"version-history":[{"count":4,"href":"https:\/\/diariodominicano.com\/index.php?rest_route=\/wp\/v2\/posts\/318499\/revisions"}],"predecessor-version":[{"id":318505,"href":"https:\/\/diariodominicano.com\/index.php?rest_route=\/wp\/v2\/posts\/318499\/revisions\/318505"}],"wp:featuredmedia":[{"embeddable":true,"href":"https:\/\/diariodominicano.com\/index.php?rest_route=\/wp\/v2\/media\/318500"}],"wp:attachment":[{"href":"https:\/\/diariodominicano.com\/index.php?rest_route=%2Fwp%2Fv2%2Fmedia&parent=318499"}],"wp:term":[{"taxonomy":"category","embeddable":true,"href":"https:\/\/diariodominicano.com\/index.php?rest_route=%2Fwp%2Fv2%2Fcategories&post=318499"},{"taxonomy":"post_tag","embeddable":true,"href":"https:\/\/diariodominicano.com\/index.php?rest_route=%2Fwp%2Fv2%2Ftags&post=318499"}],"curies":[{"name":"wp","href":"https:\/\/api.w.org\/{rel}","templated":true}]}}