{"id":318300,"date":"2021-12-20T17:16:54","date_gmt":"2021-12-20T21:16:54","guid":{"rendered":"http:\/\/diariodominicano.com\/?p=318300"},"modified":"2021-12-20T17:19:49","modified_gmt":"2021-12-20T21:19:49","slug":"piloto-manny-mora-culmina-2021-de-ensueno-lider-de-rd-y-de-las-naciones-latinoamericanas","status":"publish","type":"post","link":"https:\/\/diariodominicano.com\/?p=318300","title":{"rendered":"Piloto Manny Mora culmina 2021 de ensue\u00f1o l\u00edder de RD y de las Naciones Latinoamericanas"},"content":{"rendered":"\n<p> <strong>Manny Mora<\/strong> <\/p>\n\n\n\n<p><strong>LA VEGA, RD, 20 de diciembre de 2021.- <\/strong>\u00a0El juvenil piloto vegano, Manny Mora, ha culminado un a\u00f1o de ensue\u00f1os, adem\u00e1s de coronarse campe\u00f3n nacional de las dos categor\u00edas de m\u00e1s cilindrajes para expertos, logr\u00f3 la posici\u00f3n cimera en el motocross de Las Naciones Latinoamericanas, ambas veces de manera consecutiva.\u00a0<\/p>\n\n\n\n<p><strong>E<\/strong>n lo que se refiere al campeonato nacional de motocross de la Rep\u00fablica Dominicana, Mora, logr\u00f3 la gran aza\u00f1a de ganar invicto la categor\u00eda MX-2 para expertos, mientras que, tambi\u00e9n fue primero en la MX-1, el campeonato pasado, tambi\u00e9n fue el mejor de los dos grupos.<\/p>\n\n\n\n<p><strong>P<\/strong>ara culminar el gran a\u00f1o, Manny Mora, haciendo equipo con el piloto Franklin Nogueras, gan\u00f3 las dos mangas de la categor\u00eda MX-1, para juntos lograr el puntaje necesario y quedarse con la gran corona, el evento anterior, Mora, tambi\u00e9n fue campe\u00f3n, esta vez junto al dominicano Lu\u00eds Jos\u00e9 Dur\u00e1n.<\/p>\n\n\n\n<p><strong>P<\/strong>ara completar su a\u00f1o de ensue\u00f1os, el genial y juvenil crossista, recibi\u00f3 el gran galard\u00f3n de piloto del a\u00f1o 2021 que otorga la Federaci\u00f3n Dominicana de Motociclismo, la cual preside el se\u00f1or Carlos Finke.<\/p>\n\n\n\n<p><strong>M<\/strong>ora, esta ma\u00f1ana, en un mensaje a pilotos y seguidores, tras desear felicidades en navidad a todos, pidi\u00f3 ser pacientes siempre y a sus compa\u00f1eros en las pistas, no descuidar sus entrenamientos, asimismo, agradeci\u00f3, primero a Dios y a su familia, a su equipo y a sus auspiciadores, Agregados y Transporte Mora-Le\u00f3n, Motocicletas gacela, Yamaha, Santo Domingo Motors y el apoyo incondicional del cirujano ortopeda doctor Richard Lora, su m\u00e9dico personal, asimismo, al se\u00f1or Finke y a la federaci\u00f3n que preside.<\/p>\n\n\n\n<p>Oscar Polanco<a target=\"_blank\" href=\"mailto:oscarpolanco.santiagord@gmail.com\" rel=\"noreferrer noopener\">oscarpolanco.santiagord@gmail.com<\/a><\/p>\n\n\n\n<p><\/p>\n\n\n\n<p><\/p>\n","protected":false},"excerpt":{"rendered":"<p>Manny Mora LA VEGA, RD, 20 de diciembre de 2021.- \u00a0El juvenil piloto vegano, Manny Mora, ha culminado un a\u00f1o de ensue\u00f1os, adem\u00e1s de coronarse campe\u00f3n nacional de las dos categor\u00edas de m\u00e1s cilindrajes para expertos, logr\u00f3 la posici\u00f3n cimera en el motocross de Las Naciones Latinoamericanas, ambas veces de manera consecutiva.\u00a0 En lo que [&hellip;]<\/p>\n","protected":false},"author":28,"featured_media":318301,"comment_status":"closed","ping_status":"","sticky":true,"template":"","format":"standard","meta":{"footnotes":""},"categories":[17,27],"tags":[],"class_list":["post-318300","post","type-post","status-publish","format-standard","has-post-thumbnail","hentry","category-deportes","category-portada"],"_links":{"self":[{"href":"https:\/\/diariodominicano.com\/index.php?rest_route=\/wp\/v2\/posts\/318300","targetHints":{"allow":["GET"]}}],"collection":[{"href":"https:\/\/diariodominicano.com\/index.php?rest_route=\/wp\/v2\/posts"}],"about":[{"href":"https:\/\/diariodominicano.com\/index.php?rest_route=\/wp\/v2\/types\/post"}],"author":[{"embeddable":true,"href":"https:\/\/diariodominicano.com\/index.php?rest_route=\/wp\/v2\/users\/28"}],"replies":[{"embeddable":true,"href":"https:\/\/diariodominicano.com\/index.php?rest_route=%2Fwp%2Fv2%2Fcomments&post=318300"}],"version-history":[{"count":3,"href":"https:\/\/diariodominicano.com\/index.php?rest_route=\/wp\/v2\/posts\/318300\/revisions"}],"predecessor-version":[{"id":318304,"href":"https:\/\/diariodominicano.com\/index.php?rest_route=\/wp\/v2\/posts\/318300\/revisions\/318304"}],"wp:featuredmedia":[{"embeddable":true,"href":"https:\/\/diariodominicano.com\/index.php?rest_route=\/wp\/v2\/media\/318301"}],"wp:attachment":[{"href":"https:\/\/diariodominicano.com\/index.php?rest_route=%2Fwp%2Fv2%2Fmedia&parent=318300"}],"wp:term":[{"taxonomy":"category","embeddable":true,"href":"https:\/\/diariodominicano.com\/index.php?rest_route=%2Fwp%2Fv2%2Fcategories&post=318300"},{"taxonomy":"post_tag","embeddable":true,"href":"https:\/\/diariodominicano.com\/index.php?rest_route=%2Fwp%2Fv2%2Ftags&post=318300"}],"curies":[{"name":"wp","href":"https:\/\/api.w.org\/{rel}","templated":true}]}}