{"id":317912,"date":"2021-12-19T00:13:20","date_gmt":"2021-12-19T04:13:20","guid":{"rendered":"http:\/\/diariodominicano.com\/?p=317912"},"modified":"2021-12-19T00:13:20","modified_gmt":"2021-12-19T04:13:20","slug":"nacio-manuel-rodriguez-objio-3","status":"publish","type":"post","link":"https:\/\/diariodominicano.com\/?p=317912","title":{"rendered":"Naci\u00f3 Manuel Rodr\u00edguez Obj\u00edo"},"content":{"rendered":"\n<p><\/p>\n\n\n\n<p>P<strong>or  H\u00e9ctor Tineo Nolasco<\/strong><\/p>\n\n\n\n<p><strong>Diariodominicano.com<\/strong><\/p>\n\n\n\n<p><strong>SANTO DOMINGO, el 19 de diciembre de 1838,<\/strong> naci\u00f3 ciudad Santo Domingo, Manuel Nemesio Rodr\u00edguez Obj\u00edo, quien se destac\u00f3 como poeta y pol\u00edtico.<\/p>\n\n\n\n<p>&nbsp;&nbsp;&nbsp; Estudi\u00f3 en el Colegio San Buenaventura. Entre sus profesores se cuentan Alejandro Angulo Guridi y el sacerdote Gaspar Hern\u00e1ndez.<\/p>\n\n\n\n<p>&nbsp;&nbsp;&nbsp; En&nbsp; 1855, Rodr\u00edguez Obj\u00edo viaj\u00f3 a Estados Unidos y regres\u00f3 al a\u00f1o siguiente. En la Pol\u00edtica dominicana se inici\u00f3 en Azua en el a\u00f1o 1856, como colaborador del general Pedro Santana, pero luego cuando la Rep\u00fablica Dominicana fue anexada a Espa\u00f1a se sum\u00f3 a las fuerzas de la Restauraci\u00f3n.<\/p>\n\n\n\n<p>&nbsp;&nbsp;&nbsp; En el momento que&nbsp; Rodr\u00edguez Obj\u00edo se sum\u00f3 al General Pedro Santana, el oficial llevaba a cabo un levantamiento contra el Gobierno del Presidente Buenaventura B\u00e1ez.<\/p>\n\n\n\n<p>&nbsp;&nbsp;&nbsp;&nbsp; En la ocasi\u00f3n, del cant\u00f3n de Manganagua, fue encargado de las funciones de secretario de Interior y Polic\u00eda.<\/p>\n\n\n\n<p>&nbsp;&nbsp; &nbsp;Luego rompi\u00f3 sus v\u00ednculos pol\u00edticos con el Presidente Santana. Antes de la anexi\u00f3n de la Rep\u00fablica a Espa\u00f1a, tuvo que buscar asilo en Saint Thomas.<\/p>\n","protected":false},"excerpt":{"rendered":"<p>Por H\u00e9ctor Tineo Nolasco Diariodominicano.com SANTO DOMINGO, el 19 de diciembre de 1838, naci\u00f3 ciudad Santo Domingo, Manuel Nemesio Rodr\u00edguez Obj\u00edo, quien se destac\u00f3 como poeta y pol\u00edtico. &nbsp;&nbsp;&nbsp; Estudi\u00f3 en el Colegio San Buenaventura. Entre sus profesores se cuentan Alejandro Angulo Guridi y el sacerdote Gaspar Hern\u00e1ndez. &nbsp;&nbsp;&nbsp; En&nbsp; 1855, Rodr\u00edguez Obj\u00edo viaj\u00f3 a [&hellip;]<\/p>\n","protected":false},"author":28,"featured_media":272448,"comment_status":"closed","ping_status":"","sticky":true,"template":"","format":"standard","meta":{"footnotes":""},"categories":[26,27],"tags":[],"class_list":["post-317912","post","type-post","status-publish","format-standard","has-post-thumbnail","hentry","category-efemerides","category-portada"],"_links":{"self":[{"href":"https:\/\/diariodominicano.com\/index.php?rest_route=\/wp\/v2\/posts\/317912","targetHints":{"allow":["GET"]}}],"collection":[{"href":"https:\/\/diariodominicano.com\/index.php?rest_route=\/wp\/v2\/posts"}],"about":[{"href":"https:\/\/diariodominicano.com\/index.php?rest_route=\/wp\/v2\/types\/post"}],"author":[{"embeddable":true,"href":"https:\/\/diariodominicano.com\/index.php?rest_route=\/wp\/v2\/users\/28"}],"replies":[{"embeddable":true,"href":"https:\/\/diariodominicano.com\/index.php?rest_route=%2Fwp%2Fv2%2Fcomments&post=317912"}],"version-history":[{"count":1,"href":"https:\/\/diariodominicano.com\/index.php?rest_route=\/wp\/v2\/posts\/317912\/revisions"}],"predecessor-version":[{"id":317913,"href":"https:\/\/diariodominicano.com\/index.php?rest_route=\/wp\/v2\/posts\/317912\/revisions\/317913"}],"wp:featuredmedia":[{"embeddable":true,"href":"https:\/\/diariodominicano.com\/index.php?rest_route=\/wp\/v2\/media\/272448"}],"wp:attachment":[{"href":"https:\/\/diariodominicano.com\/index.php?rest_route=%2Fwp%2Fv2%2Fmedia&parent=317912"}],"wp:term":[{"taxonomy":"category","embeddable":true,"href":"https:\/\/diariodominicano.com\/index.php?rest_route=%2Fwp%2Fv2%2Fcategories&post=317912"},{"taxonomy":"post_tag","embeddable":true,"href":"https:\/\/diariodominicano.com\/index.php?rest_route=%2Fwp%2Fv2%2Ftags&post=317912"}],"curies":[{"name":"wp","href":"https:\/\/api.w.org\/{rel}","templated":true}]}}