{"id":317589,"date":"2021-12-17T18:14:26","date_gmt":"2021-12-17T22:14:26","guid":{"rendered":"http:\/\/diariodominicano.com\/?p=317589"},"modified":"2021-12-17T21:06:00","modified_gmt":"2021-12-18T01:06:00","slug":"nani-marrero-y-el-cluden-se-miden-este-sabado-en-el-encuentro-final-del-basket-infantil-de-santiago-y-sera-transmitido-por-lpr-deportes","status":"publish","type":"post","link":"https:\/\/diariodominicano.com\/?p=317589","title":{"rendered":"Nani Marrero y el CLUDEN se miden este s\u00e1bado en el encuentro final del Basket Infantil de Santiago y ser\u00e1 transmitido por LPR Deportes"},"content":{"rendered":"\n<p><\/p>\n\n\n\n<p><\/p>\n\n\n\n<p>Santiago.-Los equipos representativos del Patronato Nani Marrero del Ensanche Berm\u00fadez y el Club el Ensue\u00f1o (CLUDEN) se medir\u00e1n este s\u00e1bado a partir de las 10: 00 de la ma\u00f1ana en el partido final de Torneo de Baloncesto Infantil de Santiago, que organiza la Asociaci\u00f3n de Baloncesto de dicha ciudad (ABASACA), que preside el incansable deportista Jos\u00e9 Lu\u00eds Aracena, teniendo una especial dedicatoria al Ex-Abitro Jos\u00e9 Miguel Parra (Lidio) y los equipos participantes se disputan la gran copa Banreservas (El Banco de todos los Dominicanos).<\/p>\n\n\n\n<figure class=\"wp-block-image size-large\"><img loading=\"lazy\" decoding=\"async\" width=\"1024\" height=\"576\" src=\"https:\/\/diariodominicano.com\/wp-content\/uploads\/2021\/12\/5ba463a3-c933-48b1-9779-acd218ec8248-1-1024x576.jpg\" alt=\"\" class=\"wp-image-317591\" srcset=\"https:\/\/diariodominicano.com\/wp-content\/uploads\/2021\/12\/5ba463a3-c933-48b1-9779-acd218ec8248-1-1024x576.jpg 1024w, https:\/\/diariodominicano.com\/wp-content\/uploads\/2021\/12\/5ba463a3-c933-48b1-9779-acd218ec8248-1-300x169.jpg 300w, https:\/\/diariodominicano.com\/wp-content\/uploads\/2021\/12\/5ba463a3-c933-48b1-9779-acd218ec8248-1-768x432.jpg 768w, https:\/\/diariodominicano.com\/wp-content\/uploads\/2021\/12\/5ba463a3-c933-48b1-9779-acd218ec8248-1-816x459.jpg 816w, https:\/\/diariodominicano.com\/wp-content\/uploads\/2021\/12\/5ba463a3-c933-48b1-9779-acd218ec8248-1.jpg 1280w\" sizes=\"auto, (max-width: 1024px) 100vw, 1024px\" \/><\/figure>\n\n\n\n<p>El encuentro final de este exitoso evento est\u00e1 previsto efectuarse en el Bajo Techo Don Marino Morel Ochoa del Club Pueblo Nuevo, donde estas dos franquicias se medir\u00e1n por segunda ocasi\u00f3n de manera seguida en una serie final, la m\u00e1s reciente fue en el pasado Torneo en la categor\u00eda Intermedia, donde los dirigidos por Jos\u00e9 Alejandro Pimentel y Rene Pimentel salieron por la puerta grande conquistando la hermosa copa Banreservas en un emocionante partido, que tuvo como sede las instalaciones del Club Gregorio Urbano Gilbert (GUG).<\/p>\n\n\n\n<p>Este juego como es de costumbre ser\u00e1 transmitido por la brillante plataforma deportiva LPR Deportes, que regentea Mois\u00e9s Pe\u00f1a y cuenta con la integraci\u00f3n de los destacados comunicadores deportivos Elwin Pe\u00f1a, Socrates Polanco, Celina Cruz, Xavier Vargas, Emanuel Tavares y Ezequiel Sosa, quienes tendr\u00e1n las responsabilidades de describir el mismo desde principio a fin.<\/p>\n\n\n\n<p>El presidente de la ABASACA Jos\u00e9 Lu\u00eds Aracena expres\u00f3 que todo est\u00e1 listo para realizar la premiaci\u00f3n inmediatamente finalice el encuentro, el cual estar\u00e1 defiendo los dos primeros lugares de la justa que inici\u00f3 con un total de 45 equipos, siendo el combinado del Ingenio Arriba el conjunto que ocup\u00f3 el tercer lugar, obteniendo las medallas de bronce.<\/p>\n\n\n\n<p>Aracena tambi\u00e9n aprovech\u00f3 el escenario para agradecer a todos los presidentes de los Clubes sus dirigentes, atletas y personal t\u00e9cnico por unir esfuerzos para garantizar el \u00e9xito del mismo y cada uno de los Torneos realizados durante el a\u00f1o completo.<\/p>\n\n\n\n<p>Ezequiel Sosa<a rel=\"noreferrer noopener\" target=\"_blank\" href=\"mailto:explociondeportiva@gmail.com\">explociondeportiva@gmail.com<\/a><\/p>\n\n\n\n<p> Prensa ABASACA <\/p>\n","protected":false},"excerpt":{"rendered":"<p>Santiago.-Los equipos representativos del Patronato Nani Marrero del Ensanche Berm\u00fadez y el Club el Ensue\u00f1o (CLUDEN) se medir\u00e1n este s\u00e1bado a partir de las 10: 00 de la ma\u00f1ana en el partido final de Torneo de Baloncesto Infantil de Santiago, que organiza la Asociaci\u00f3n de Baloncesto de dicha ciudad (ABASACA), que preside el incansable deportista [&hellip;]<\/p>\n","protected":false},"author":28,"featured_media":317590,"comment_status":"closed","ping_status":"","sticky":true,"template":"","format":"standard","meta":{"footnotes":""},"categories":[17,27],"tags":[],"class_list":["post-317589","post","type-post","status-publish","format-standard","has-post-thumbnail","hentry","category-deportes","category-portada"],"_links":{"self":[{"href":"https:\/\/diariodominicano.com\/index.php?rest_route=\/wp\/v2\/posts\/317589","targetHints":{"allow":["GET"]}}],"collection":[{"href":"https:\/\/diariodominicano.com\/index.php?rest_route=\/wp\/v2\/posts"}],"about":[{"href":"https:\/\/diariodominicano.com\/index.php?rest_route=\/wp\/v2\/types\/post"}],"author":[{"embeddable":true,"href":"https:\/\/diariodominicano.com\/index.php?rest_route=\/wp\/v2\/users\/28"}],"replies":[{"embeddable":true,"href":"https:\/\/diariodominicano.com\/index.php?rest_route=%2Fwp%2Fv2%2Fcomments&post=317589"}],"version-history":[{"count":3,"href":"https:\/\/diariodominicano.com\/index.php?rest_route=\/wp\/v2\/posts\/317589\/revisions"}],"predecessor-version":[{"id":317595,"href":"https:\/\/diariodominicano.com\/index.php?rest_route=\/wp\/v2\/posts\/317589\/revisions\/317595"}],"wp:featuredmedia":[{"embeddable":true,"href":"https:\/\/diariodominicano.com\/index.php?rest_route=\/wp\/v2\/media\/317590"}],"wp:attachment":[{"href":"https:\/\/diariodominicano.com\/index.php?rest_route=%2Fwp%2Fv2%2Fmedia&parent=317589"}],"wp:term":[{"taxonomy":"category","embeddable":true,"href":"https:\/\/diariodominicano.com\/index.php?rest_route=%2Fwp%2Fv2%2Fcategories&post=317589"},{"taxonomy":"post_tag","embeddable":true,"href":"https:\/\/diariodominicano.com\/index.php?rest_route=%2Fwp%2Fv2%2Ftags&post=317589"}],"curies":[{"name":"wp","href":"https:\/\/api.w.org\/{rel}","templated":true}]}}