{"id":317080,"date":"2021-12-15T20:51:22","date_gmt":"2021-12-16T00:51:22","guid":{"rendered":"http:\/\/diariodominicano.com\/?p=317080"},"modified":"2021-12-15T20:58:30","modified_gmt":"2021-12-16T00:58:30","slug":"imbabureno-steven-haro-campeon-de-la-38-vuelta-ciclistica-a-ecuador","status":"publish","type":"post","link":"https:\/\/diariodominicano.com\/?p=317080","title":{"rendered":"Imbabure\u00f1o Steven Haro campe\u00f3n de la 38 Vuelta Cicl\u00edstica a Ecuador"},"content":{"rendered":"\n<p>Quito, 15 dic (Prensa Latina) El imbabure\u00f1o Steven Haro fue coronado hoy campe\u00f3n en la general de la edici\u00f3n 38 de la Vuelta Cicl\u00edstica a Ecuador, que concluy\u00f3 en la Mitad del Mundo.<\/p>\n\n\n\n<ul class=\"wp-block-list\"><li>diciembre 15, 2021<\/li><li>CST19:08 (GMT) -0500<\/li><\/ul>\n\n\n\n<p>El joven de 23 a\u00f1os y miembro del Team Pichincha Ecuador, ganador de la sexta de las ochos etapas de la competencia, termin\u00f3 como l\u00edder en las \u00faltimas tres fases.<\/p>\n\n\n\n<p><\/p>\n\n\n\n<p>La ruta de esta jornada, que cerr\u00f3 la lid iniciada el pasado 8 de diciembre en la ciudad portuaria de Guayaquil, incluy\u00f3 un circuito de 100 kil\u00f3metros que inici\u00f3 y termin\u00f3 en la ciudad Mitad del Mundo, en el norte de esta capital.<\/p>\n\n\n\n<p><\/p>\n\n\n\n<p>El resto de los galardones se lo llevaron Sebasti\u00e1n Novoa en la categor\u00eda de Metas volantes, Mauricio Irua en la sub 23, Diego Montalvo en premios de monta\u00f1a, Lenin Montenegro en competitividad y Bryan Obando, como mejor novato.<\/p>\n\n\n\n<p>\u00abGracias por hacer que esta vuelta cicl\u00edstica a Ecuador se haya dado de buena manera\u00bb, afirm\u00f3 el ministro de Deportes, Sebasti\u00e1n Palacios, al t\u00e9rmino del evento.<\/p>\n\n\n\n<p>El titular agradeci\u00f3 a todas las instancias involucradas en el certamen, as\u00ed como a los deportistas que representaron ca da uno de sus equipos.<\/p>\n\n\n\n<p>\u00abSe viene un nuevo a\u00f1o, un nuevo ciclo ol\u00edmpico, un nuevo plan de alto rendimiento y cambios importantes en el deporte ecuatoriano (\u2026) El deporte es una potente herramienta de desarrollo social, pero tambi\u00e9n de desarrollo econ\u00f3mico\u00bb, concluy\u00f3.<\/p>\n\n\n\n<p>La Vuelta Cicl\u00edstica a Ecuador 2021 comenz\u00f3 el pasado 8 de diciembre en la ciudad de Guayaquil, al nivel del mar, y concluy\u00f3 esta jornada en Quito, a dos mil 800 metros de altura.<\/p>\n\n\n\n<p>Alrededor de 120 atletas en representaci\u00f3n de 14 equipos, uno de ellos intercontinental y otro de Estados Unidos, participaron en la lid con categor\u00eda 2.2 en la Uni\u00f3n Cicl\u00edstica Internacional.<\/p>\n\n\n\n<p>jha\/scm<\/p>\n","protected":false},"excerpt":{"rendered":"<p>Quito, 15 dic (Prensa Latina) El imbabure\u00f1o Steven Haro fue coronado hoy campe\u00f3n en la general de la edici\u00f3n 38 de la Vuelta Cicl\u00edstica a Ecuador, que concluy\u00f3 en la Mitad del Mundo. diciembre 15, 2021 CST19:08 (GMT) -0500 El joven de 23 a\u00f1os y miembro del Team Pichincha Ecuador, ganador de la sexta de [&hellip;]<\/p>\n","protected":false},"author":28,"featured_media":317084,"comment_status":"closed","ping_status":"","sticky":true,"template":"","format":"standard","meta":{"footnotes":""},"categories":[17,27],"tags":[],"class_list":["post-317080","post","type-post","status-publish","format-standard","has-post-thumbnail","hentry","category-deportes","category-portada"],"_links":{"self":[{"href":"https:\/\/diariodominicano.com\/index.php?rest_route=\/wp\/v2\/posts\/317080","targetHints":{"allow":["GET"]}}],"collection":[{"href":"https:\/\/diariodominicano.com\/index.php?rest_route=\/wp\/v2\/posts"}],"about":[{"href":"https:\/\/diariodominicano.com\/index.php?rest_route=\/wp\/v2\/types\/post"}],"author":[{"embeddable":true,"href":"https:\/\/diariodominicano.com\/index.php?rest_route=\/wp\/v2\/users\/28"}],"replies":[{"embeddable":true,"href":"https:\/\/diariodominicano.com\/index.php?rest_route=%2Fwp%2Fv2%2Fcomments&post=317080"}],"version-history":[{"count":4,"href":"https:\/\/diariodominicano.com\/index.php?rest_route=\/wp\/v2\/posts\/317080\/revisions"}],"predecessor-version":[{"id":317086,"href":"https:\/\/diariodominicano.com\/index.php?rest_route=\/wp\/v2\/posts\/317080\/revisions\/317086"}],"wp:featuredmedia":[{"embeddable":true,"href":"https:\/\/diariodominicano.com\/index.php?rest_route=\/wp\/v2\/media\/317084"}],"wp:attachment":[{"href":"https:\/\/diariodominicano.com\/index.php?rest_route=%2Fwp%2Fv2%2Fmedia&parent=317080"}],"wp:term":[{"taxonomy":"category","embeddable":true,"href":"https:\/\/diariodominicano.com\/index.php?rest_route=%2Fwp%2Fv2%2Fcategories&post=317080"},{"taxonomy":"post_tag","embeddable":true,"href":"https:\/\/diariodominicano.com\/index.php?rest_route=%2Fwp%2Fv2%2Ftags&post=317080"}],"curies":[{"name":"wp","href":"https:\/\/api.w.org\/{rel}","templated":true}]}}