{"id":317048,"date":"2021-12-15T18:57:29","date_gmt":"2021-12-15T22:57:29","guid":{"rendered":"http:\/\/diariodominicano.com\/?p=317048"},"modified":"2021-12-15T18:57:29","modified_gmt":"2021-12-15T22:57:29","slug":"abasaca-hara-este-sabado-su-encuentro-navideno-en-el-club-pueblo-nuevo","status":"publish","type":"post","link":"https:\/\/diariodominicano.com\/?p=317048","title":{"rendered":"ABASACA har\u00e1 este s\u00e1bado su encuentro Navide\u00f1o en el Club Pueblo Nuevo"},"content":{"rendered":"\n<p><\/p>\n\n\n\n<p><\/p>\n\n\n\n<p><strong>Santiago.-<\/strong>La prestigiosa Asociaci\u00f3n de Baloncesto de Santiago de los Caballeros (ABASACA), que preside el destacado dirigente deportivo Jos\u00e9 Lu\u00eds Aracena tiene previsto celebrar este s\u00e1bado 18 del presente mes su encuentro navide\u00f1o con sus Clubes y Ligas, afiliados y afiliadas a esa entidad, tambi\u00e9n con los dirigentes, entrenadores, oficiales de mesa t\u00e9cnica y \u00e1rbitros, personal laboral y periodistas, el mismo est\u00e1 programado para iniciar a partir de las 7:00 de la noche, teniendo como escenario el Bajo Techo Don Marino Morel Ochoa del Club Pueblo Nuevo.<\/p>\n\n\n\n<p>El compartir de hermandad y valorizaci\u00f3n del esp\u00edritu navide\u00f1o entre los amantes de la disciplina del aro y el bal\u00f3n fue encabezado por el Consejo de Directores de&nbsp;la ABASACA, que preside Jos\u00e9 Lu\u00eds Aracena, donde se espera la presencia de diferentes personalidades ligadas de manera directa al deporte del Aro y el Bal\u00f3n.<\/p>\n\n\n\n<p>El presidente de ABASACA inform\u00f3 que rescatar este encuentro navide\u00f1o forma parte de su amplio programa de recuperaci\u00f3n de eventos valiosos, los cuales por varios a\u00f1os no se estaban celebrando, Aracena aprovech\u00f3 el escenario para agradecer a cada uno de los presidentes de los Clubes y Ligas afiliados y afiliadas a esa valiosa instituci\u00f3n por el gran trabajo realizado en conjunto, con el cual se logr\u00f3 finalizar un a\u00f1o lleno de \u00e9xitos y por todo lo alto digno de repetir esa brillante labor el pr\u00f3ximo a\u00f1o, indic\u00f3 Jos\u00e9 Lu\u00eds.<\/p>\n\n\n\n<p>En el compartir con parte de los protagonistas del Baloncesto de Santiago tiene como objetivo principal estrechar los lazos de amistades, compartir un buen ambiente de camarader\u00eda y escuchar sugerencia para las posibles mejoras en el futuro inmediato puntualiz\u00f3 el honorable presidente de la ABASACA, Jos\u00e9 Lu\u00eds Aracena.<\/p>\n\n\n\n<p>Finalmente el principal ejecutivo de la mejor Asociaci\u00f3n de Baloncesto del Pa\u00eds, quiso aprovechar la ocasi\u00f3n para agradecer inmensamente el gran respaldo recibido por Banreservas, la honorable Gobernadora de Santiago, Rosa Santos, los licenciados Federico Reynoso y Lucildo G\u00f3mez, el director de la Liga Municipal V\u00edctor D\u00b4 Aza, el director de Proindustria, Ulises Rodr\u00edguez y muy en especial a los honorables presidente y vicepresidenta de la Rep\u00fablica, Lu\u00eds Abinader y Raquel Pe\u00f1a, respectivamente por su valiosa entrega a favor del deporte y principalmente por tomar en cuenta convertir en grandes aliados al desarrollo y crecimiento del Baloncesto de Santiago.<\/p>\n\n\n\n<p>Ezequiel Sosa<\/p>\n\n\n\n<p> <strong>Prensa ABASACA<\/strong> <\/p>\n","protected":false},"excerpt":{"rendered":"<p>Santiago.-La prestigiosa Asociaci\u00f3n de Baloncesto de Santiago de los Caballeros (ABASACA), que preside el destacado dirigente deportivo Jos\u00e9 Lu\u00eds Aracena tiene previsto celebrar este s\u00e1bado 18 del presente mes su encuentro navide\u00f1o con sus Clubes y Ligas, afiliados y afiliadas a esa entidad, tambi\u00e9n con los dirigentes, entrenadores, oficiales de mesa t\u00e9cnica y \u00e1rbitros, personal [&hellip;]<\/p>\n","protected":false},"author":28,"featured_media":317049,"comment_status":"closed","ping_status":"","sticky":true,"template":"","format":"standard","meta":{"footnotes":""},"categories":[17,27],"tags":[],"class_list":["post-317048","post","type-post","status-publish","format-standard","has-post-thumbnail","hentry","category-deportes","category-portada"],"_links":{"self":[{"href":"https:\/\/diariodominicano.com\/index.php?rest_route=\/wp\/v2\/posts\/317048","targetHints":{"allow":["GET"]}}],"collection":[{"href":"https:\/\/diariodominicano.com\/index.php?rest_route=\/wp\/v2\/posts"}],"about":[{"href":"https:\/\/diariodominicano.com\/index.php?rest_route=\/wp\/v2\/types\/post"}],"author":[{"embeddable":true,"href":"https:\/\/diariodominicano.com\/index.php?rest_route=\/wp\/v2\/users\/28"}],"replies":[{"embeddable":true,"href":"https:\/\/diariodominicano.com\/index.php?rest_route=%2Fwp%2Fv2%2Fcomments&post=317048"}],"version-history":[{"count":1,"href":"https:\/\/diariodominicano.com\/index.php?rest_route=\/wp\/v2\/posts\/317048\/revisions"}],"predecessor-version":[{"id":317050,"href":"https:\/\/diariodominicano.com\/index.php?rest_route=\/wp\/v2\/posts\/317048\/revisions\/317050"}],"wp:featuredmedia":[{"embeddable":true,"href":"https:\/\/diariodominicano.com\/index.php?rest_route=\/wp\/v2\/media\/317049"}],"wp:attachment":[{"href":"https:\/\/diariodominicano.com\/index.php?rest_route=%2Fwp%2Fv2%2Fmedia&parent=317048"}],"wp:term":[{"taxonomy":"category","embeddable":true,"href":"https:\/\/diariodominicano.com\/index.php?rest_route=%2Fwp%2Fv2%2Fcategories&post=317048"},{"taxonomy":"post_tag","embeddable":true,"href":"https:\/\/diariodominicano.com\/index.php?rest_route=%2Fwp%2Fv2%2Ftags&post=317048"}],"curies":[{"name":"wp","href":"https:\/\/api.w.org\/{rel}","templated":true}]}}