{"id":316933,"date":"2021-12-15T10:01:15","date_gmt":"2021-12-15T14:01:15","guid":{"rendered":"http:\/\/diariodominicano.com\/?p=316933"},"modified":"2021-12-15T10:01:15","modified_gmt":"2021-12-15T14:01:15","slug":"condenan-a-10-anos-de-prision-a-tres-hombres-que-trasladaban-en-yola-a-45-dominicanos-y-haitianos-hacia-puerto-rico","status":"publish","type":"post","link":"https:\/\/diariodominicano.com\/?p=316933","title":{"rendered":"Condenan a 10 a\u00f1os de prisi\u00f3n a tres hombres que trasladaban en yola a 45 dominicanos y haitianos hacia Puerto Rico"},"content":{"rendered":"\n<p>diariodominicano.com<\/p>\n\n\n\n<p>diariodominicano.com<strong>\u00a0<\/strong><\/p>\n\n\n\n<p> Hig\u00fcey, La Altagracia,  R. D., 15 de noviembre, 2021.- La Procuradur\u00eda Especializada contra el Tr\u00e1fico Il\u00edcito de Migrantes y Trata de Personas (PETT), en coordinaci\u00f3n con la Fiscal\u00eda de esta demarcaci\u00f3n, logr\u00f3 que un tribunal condenara a 10 a\u00f1os de prisi\u00f3n a tres hombres que el pasado a\u00f1o intentaron trasladar a 45 dominicanos y haitianos de forma ilegal a Puerto Rico.\u00a0<\/p>\n\n\n\n<p>El Tribunal Colegiado de La Altagracia conden\u00f3 a Carlos Rodr\u00edguez Mercedes, Nelson Rojas y Pascual G\u00fc\u00edlamo, quienes adem\u00e1s deber\u00e1n pagar una multa de 150 salarios m\u00ednimos cada uno.&nbsp;<\/p>\n\n\n\n<p>El Ministerio P\u00fablico, representado por el fiscal V\u00edctor Ram\u00f3n Camacho, present\u00f3 suficientes pruebas que fueron admitidas por los jueces Sagrario del R\u00edo Castillo, Domingo Alcides Duverg\u00e9 Caraballo y Carmen Virginia Almonte.&nbsp;<\/p>\n\n\n\n<p>El expediente se\u00f1ala que los procesados fueron arrestados en mayo del pasado a\u00f1o por su implicaci\u00f3n en el tr\u00e1fico ilegal de 42 dominicanos y tres haitianos, quienes pagar\u00edan por el viaje sumas que oscilaban entre RD$50,000 y US$5,000.00.&nbsp;<\/p>\n\n\n\n<p>Indica que miembros de la Armada de Rep\u00fablica Dominicana, conjuntamente con las autoridades mar\u00edtimas de Estados Unidos de Norteam\u00e9rica, encontraron al grupo a bordo de una embarcaci\u00f3n de fabricaci\u00f3n clandestina de aproximadamente 30 pies de eslora, que se encontraba navegando a unas 23 millas n\u00e1uticas al noreste de Cabo Enga\u00f1o, en la provincia La Altagracia.&nbsp;&nbsp;<\/p>\n\n\n\n<p>Carlos Rodr\u00edguez Mercedes y Nelson Rojas, de acuerdo con la acusaci\u00f3n, eran las personas que dirig\u00edan o capitaneaban la embarcaci\u00f3n, mientras que Pascual G\u00fc\u00edlamo recolect\u00f3 el dinero de los traficados.&nbsp;<\/p>\n\n\n\n<p>El Ministerio P\u00fablico demostr\u00f3 que los tres hombres violaron los art\u00edculos 1, letra F, y 2 de la Ley 137-03, sobre Tr\u00e1fico Il\u00edcito de Migrantes y Trata de Personas.&nbsp;<\/p>\n\n\n\n<p>Desde junio del pasado a\u00f1o, los procesados cumplen prisi\u00f3n preventiva en el Centro de Correcci\u00f3n y Rehabilitaci\u00f3n Anamuya, del municipio Hig\u00fcey.&nbsp;<\/p>\n\n\n\n<p>Fuente:  <strong>Direcci\u00f3n de Comunicaci\u00f3n y Prensa<\/strong><\/p>\n\n\n\n<p><strong>Procuradur\u00eda General-Ministerio P\u00fablico RD<\/strong><\/p>\n\n\n\n<p><strong>Mi\u00e9rcoles, 15 de diciembre de 2021.<\/strong><\/p>\n\n\n\n<p><strong>Direcci\u00f3n General de Comunicaciones, Prensa y Relaciones P\u00fablicas<\/strong><\/p>\n\n\n\n<p>Procuradur\u00eda General de la Rep\u00fablica Dominicana<\/p>\n","protected":false},"excerpt":{"rendered":"<p>diariodominicano.com diariodominicano.com\u00a0 Hig\u00fcey, La Altagracia, R. D., 15 de noviembre, 2021.- La Procuradur\u00eda Especializada contra el Tr\u00e1fico Il\u00edcito de Migrantes y Trata de Personas (PETT), en coordinaci\u00f3n con la Fiscal\u00eda de esta demarcaci\u00f3n, logr\u00f3 que un tribunal condenara a 10 a\u00f1os de prisi\u00f3n a tres hombres que el pasado a\u00f1o intentaron trasladar a 45 dominicanos [&hellip;]<\/p>\n","protected":false},"author":5,"featured_media":316934,"comment_status":"closed","ping_status":"","sticky":true,"template":"","format":"standard","meta":{"footnotes":""},"categories":[24,27],"tags":[],"class_list":["post-316933","post","type-post","status-publish","format-standard","has-post-thumbnail","hentry","category-justicia-y-derecho","category-portada"],"_links":{"self":[{"href":"https:\/\/diariodominicano.com\/index.php?rest_route=\/wp\/v2\/posts\/316933","targetHints":{"allow":["GET"]}}],"collection":[{"href":"https:\/\/diariodominicano.com\/index.php?rest_route=\/wp\/v2\/posts"}],"about":[{"href":"https:\/\/diariodominicano.com\/index.php?rest_route=\/wp\/v2\/types\/post"}],"author":[{"embeddable":true,"href":"https:\/\/diariodominicano.com\/index.php?rest_route=\/wp\/v2\/users\/5"}],"replies":[{"embeddable":true,"href":"https:\/\/diariodominicano.com\/index.php?rest_route=%2Fwp%2Fv2%2Fcomments&post=316933"}],"version-history":[{"count":1,"href":"https:\/\/diariodominicano.com\/index.php?rest_route=\/wp\/v2\/posts\/316933\/revisions"}],"predecessor-version":[{"id":316935,"href":"https:\/\/diariodominicano.com\/index.php?rest_route=\/wp\/v2\/posts\/316933\/revisions\/316935"}],"wp:featuredmedia":[{"embeddable":true,"href":"https:\/\/diariodominicano.com\/index.php?rest_route=\/wp\/v2\/media\/316934"}],"wp:attachment":[{"href":"https:\/\/diariodominicano.com\/index.php?rest_route=%2Fwp%2Fv2%2Fmedia&parent=316933"}],"wp:term":[{"taxonomy":"category","embeddable":true,"href":"https:\/\/diariodominicano.com\/index.php?rest_route=%2Fwp%2Fv2%2Fcategories&post=316933"},{"taxonomy":"post_tag","embeddable":true,"href":"https:\/\/diariodominicano.com\/index.php?rest_route=%2Fwp%2Fv2%2Ftags&post=316933"}],"curies":[{"name":"wp","href":"https:\/\/api.w.org\/{rel}","templated":true}]}}