{"id":316771,"date":"2021-12-14T20:30:59","date_gmt":"2021-12-15T00:30:59","guid":{"rendered":"http:\/\/diariodominicano.com\/?p=316771"},"modified":"2021-12-14T20:30:59","modified_gmt":"2021-12-15T00:30:59","slug":"duque-califica-de-cobarde-atentado-en-aeropuerto-que-deja-tres-personas-muertas","status":"publish","type":"post","link":"https:\/\/diariodominicano.com\/?p=316771","title":{"rendered":"Duque califica de \u00abcobarde\u00bb atentado en aeropuerto que deja tres personas muertas"},"content":{"rendered":"\n<h3 class=\"wp-block-heading\">diariodominicano.com<a rel=\"noreferrer noopener\" href=\"https:\/\/www.xinhua-news.com\/gdsdetailxhs\/share\/10724979-?pageflag=iframe\" target=\"_blank\"><\/a><\/h3>\n\n\n\n<pre id=\"text-news-description\" class=\"wp-block-preformatted\">   BOGOT\u00c1, 14 dic (Xinhua) -- El presidente de Colombia, Iv\u00e1n Duque, calific\u00f3 de \"cobarde\" el atentado ocurrido hoy martes en el aeropuerto de la ciudad de C\u00facuta (noreste), donde murieron dos polic\u00edas antiexplosivos y un civil, a quien le explot\u00f3 un artefacto.\n   \"Esto es un acto cobarde, miserable, terrorista, que obviamente nos enluta. Pero obviamente, \u00e9sta es la reacci\u00f3n que tienen los cobardes del terrorismo ante los golpes que ha venido asestando la fuerza p\u00fablica. Y vamos a seguir golpe\u00e1ndolos, vamos a seguir quebrando esas estructuras del narcotr\u00e1fico y el terrorismo en nuestro pa\u00eds\", dijo el mandatario a los periodistas.\n   \"Mi solidaridad profunda con las familias de nuestros polic\u00edas\", expres\u00f3.\n   Las autoridades se\u00f1alaron que en la primera detonaci\u00f3n muri\u00f3 una persona, a quien le estall\u00f3 el explosivo cuando pretend\u00eda saltar una malla del aeropuerto y, posteriormente, deton\u00f3 una maleta bomba en otro punto del lugar en el momento en que estaban los uniformados de la Polic\u00eda. Se investiga si fue accionado o detonado.\n   De acuerdo con la Polic\u00eda, la primera onda explosiva dej\u00f3 leves da\u00f1os materiales a las viviendas cercanas al aeropuerto, donde vidrios resultaron afectados.\n   Duque sostuvo que los dos uniformados muertos hab\u00edan sido \"nominados en la categor\u00eda Hero\u00edsmo por su incansable trabajo para liberar de minas antipersona\" en el departamento de Santander (centro).\n   \"El ataque terrorista con explosivos en el aeropuerto Camilo Daza de C\u00facuta, cobr\u00f3 la vida de dos h\u00e9roes de nuestra Polic\u00eda: William Bare\u00f1o y David Reyes, cuando desactivaban una segunda carga en inmediaciones de la pista. A sus familias toda la solidaridad\", escribi\u00f3 el presidente en su cuenta de Twitter. <\/pre>\n","protected":false},"excerpt":{"rendered":"<p>diariodominicano.com BOGOT\u00c1, 14 dic (Xinhua) &#8212; El presidente de Colombia, Iv\u00e1n Duque, calific\u00f3 de \u00abcobarde\u00bb el atentado ocurrido hoy martes en el aeropuerto de la ciudad de C\u00facuta (noreste), donde murieron dos polic\u00edas antiexplosivos y un civil, a quien le explot\u00f3 un artefacto. \u00abEsto es un acto cobarde, miserable, terrorista, que obviamente nos enluta. Pero [&hellip;]<\/p>\n","protected":false},"author":5,"featured_media":316786,"comment_status":"closed","ping_status":"","sticky":true,"template":"","format":"standard","meta":{"footnotes":""},"categories":[23,27],"tags":[],"class_list":["post-316771","post","type-post","status-publish","format-standard","has-post-thumbnail","hentry","category-internacional","category-portada"],"_links":{"self":[{"href":"https:\/\/diariodominicano.com\/index.php?rest_route=\/wp\/v2\/posts\/316771","targetHints":{"allow":["GET"]}}],"collection":[{"href":"https:\/\/diariodominicano.com\/index.php?rest_route=\/wp\/v2\/posts"}],"about":[{"href":"https:\/\/diariodominicano.com\/index.php?rest_route=\/wp\/v2\/types\/post"}],"author":[{"embeddable":true,"href":"https:\/\/diariodominicano.com\/index.php?rest_route=\/wp\/v2\/users\/5"}],"replies":[{"embeddable":true,"href":"https:\/\/diariodominicano.com\/index.php?rest_route=%2Fwp%2Fv2%2Fcomments&post=316771"}],"version-history":[{"count":1,"href":"https:\/\/diariodominicano.com\/index.php?rest_route=\/wp\/v2\/posts\/316771\/revisions"}],"predecessor-version":[{"id":316787,"href":"https:\/\/diariodominicano.com\/index.php?rest_route=\/wp\/v2\/posts\/316771\/revisions\/316787"}],"wp:featuredmedia":[{"embeddable":true,"href":"https:\/\/diariodominicano.com\/index.php?rest_route=\/wp\/v2\/media\/316786"}],"wp:attachment":[{"href":"https:\/\/diariodominicano.com\/index.php?rest_route=%2Fwp%2Fv2%2Fmedia&parent=316771"}],"wp:term":[{"taxonomy":"category","embeddable":true,"href":"https:\/\/diariodominicano.com\/index.php?rest_route=%2Fwp%2Fv2%2Fcategories&post=316771"},{"taxonomy":"post_tag","embeddable":true,"href":"https:\/\/diariodominicano.com\/index.php?rest_route=%2Fwp%2Fv2%2Ftags&post=316771"}],"curies":[{"name":"wp","href":"https:\/\/api.w.org\/{rel}","templated":true}]}}