{"id":316752,"date":"2021-12-14T19:42:47","date_gmt":"2021-12-14T23:42:47","guid":{"rendered":"http:\/\/diariodominicano.com\/?p=316752"},"modified":"2021-12-14T19:42:47","modified_gmt":"2021-12-14T23:42:47","slug":"gobierno-inicia-gran-feria-navidena-con-inespre-que-ofertara-productos-canasta-basica-a-mitad-de-precio","status":"publish","type":"post","link":"https:\/\/diariodominicano.com\/?p=316752","title":{"rendered":"Gobierno inicia Gran Feria Navide\u00f1a con INESPRE que ofertar\u00e1 productos canasta b\u00e1sica a mitad de precio"},"content":{"rendered":"\n<p>diariodominicano.com<\/p>\n\n\n\n<p>Santo Domingo, R. D., 14 de diciembre, 2021.-   Con el objetivo de seguir llevando alegr\u00eda en estos d\u00edas previos a la celebraci\u00f3n de las fiestas navide\u00f1as, el Gobierno dominicano contin\u00faa impulsando iniciativas en favor de las familias m\u00e1s vulnerables en todo el pa\u00eds.<\/p>\n\n\n\n<p>Con ese prop\u00f3sito y en presencia del presidente Luis Abinader, el Instituto Nacional de Estabilizaci\u00f3n de Precios, INESPRE, lanz\u00f3 la&nbsp;Gran Feria Navide\u00f1a \u201cNavidad del Cambio\u201d, que ofertar\u00e1 productos de la \u00e9poca para la cena de Nochebuena, a mitad de precio.<\/p>\n\n\n\n<p>Estos productos, que incluyen diferentes tipos de carnes, cereales, pastas, vegetales, arroz, habichuelas, embutidos, vegetales, v\u00edveres, entre otros, estar\u00e1n disponibles a trav\u00e9s de S\u00faper Combos Navide\u00f1os y de manera individual, desde este martes 14 al jueves 16 de diciembre en el Antiguo Aeropuerto de Herrera, para luego trasladarse al interior del pa\u00eds.<\/p>\n\n\n\n<p>El presidente Abinader resalt\u00f3 que con esta iniciativa se ponen a disposici\u00f3n cientos de productos de la canasta familiar a bajo costo, as\u00ed como ofertas especiales para que todas las familias puedan adquirir sus productos a precios atractivos y con las mejores condiciones.<\/p>\n\n\n\n<p>\u201cUna de las acciones determinantes de nuestra acci\u00f3n de gobierno es garantizar en todo momento que el pueblo dominicano tenga acceso a alimentos de calidad, a productos frescos y a precios justos. Para ello, por ejemplo, hemos incrementado los mercados de productores a 58 cada semana y a 35 las bodegas m\u00f3viles que se realizan cada d\u00eda\u201d, manifest\u00f3 el mandatario.<\/p>\n\n\n\n<p>Con estas palabras, el presidente invit\u00f3 a todos los dominicanos a disfrutar de esta feria y las festividades con los sabores de nuestra tierra, pero reiter\u00f3 que cuid\u00e1ndose y sabiendo que debemos convivir con el COVID-19.<\/p>\n\n\n\n<p>En tanto que el director del INESPRE, Iv\u00e1n Hern\u00e1ndez, dijo que se han preparado m\u00e1s de 100 mil unidades de los S\u00faper Combos Navide\u00f1os que ser\u00e1n vendidos a 500 pesos&nbsp;en la&nbsp;Gran Feria Navide\u00f1a.<\/p>\n\n\n\n<p>Agreg\u00f3, adem\u00e1s, que la abundancia en la producci\u00f3n garantiza la comercializaci\u00f3n de las cosechas, que llegan cada vez a m\u00e1s dominicanos y dominicanas a trav\u00e9s de sus bodegas m\u00f3viles y dem\u00e1s plataformas.<\/p>\n\n\n\n<p>El ministro de Agricultura, Limber Cruz, reforz\u00f3 la buena relaci\u00f3n entre la rentabilidad del productor y los buenos precios del consumidor, al sostener que en los mercados y bodegas del INESPRE, se venden pl\u00e1tanos a un peso y su producci\u00f3n se aument\u00f3 en m\u00e1s de 300 millones de unidades.<\/p>\n\n\n\n<p>Apunt\u00f3 que dan continuidad a los ejes fundamentales para fortalecer la agropecuaria, como son producci\u00f3n, financiamiento, comercializaci\u00f3n, arado y preparaci\u00f3n de tierra, as\u00ed como asistencia t\u00e9cnica.<\/p>\n\n\n\n<p>En representaci\u00f3n de los productores, Enrique De Le\u00f3n expres\u00f3 su satisfacci\u00f3n por la gesti\u00f3n del presidente Abinader y pidi\u00f3 continuar la inversi\u00f3n para el fortalecimiento del sector agropecuario.<\/p>\n\n\n\n<p><strong>S\u00faper Combos Navide\u00f1os del Inespre<\/strong><\/p>\n\n\n\n<p>En la Gran Feria se ofertar\u00e1n 4 S\u00faper Combos Navide\u00f1os. El&nbsp;primero est\u00e1 compuesto por un pollo,&nbsp;5 libras de arroz, una lata de guandules, una lata de ma\u00edz, aceite y vinagre de 16 onzas cada uno, telera de pan, 2 tipos de pastas alimenticias, ponche, sal, saz\u00f3n, 10 tabletas de chocolate, gomitas y coquitos.<\/p>\n\n\n\n<p>El segundo tiene una pierna de cerdo, 5 libras de arroz, 1 lata de guandules de 16 onzas, una telera de pan, un ponche, 16 onzas de aceite y gomitas.<\/p>\n\n\n\n<p>El tercero, un pollo, 5 libras de arroz, una lata de guandules, una lata de ma\u00edz, aceite y vinagre de 16 onzas cada uno, habichuelas, 2 tipos de pastas alimenticias, harina de ma\u00edz, sal, saz\u00f3n, casabe, 10 tabletas de chocolate, gomitas y ponche.<\/p>\n\n\n\n<p>Mientras que el&nbsp;cuarto combo posee un pollo, 5 libras de arroz, una lata de guandules, una lata de ma\u00edz, aceite y vinagre de 16 onzas cada uno, dos tipos de pastas alimenticias, harina de ma\u00edz, casabe, 10 tabletas de chocolate, gomitas, un ponche y un vino.<\/p>\n\n\n\n<p>En el acto estuvieron tambi\u00e9n el expresidente de la Rep\u00fablica Hip\u00f3lito Mej\u00eda; el ministro de Defensa, Carlos Luciano D\u00edaz Morfa; el administrador del Banco Agr\u00edcola, Fernando Dur\u00e1n; el director del Instituto Agrario Dominicano, Guillermo Garc\u00eda, y el de PROPEEP, Neney Cabrera; Efra\u00edn Toribio y Hecmidio Galv\u00e1n, presidente y director ejecutivo del Feda, respectivamente, entre otros funcionarios.<\/p>\n\n\n\n<p>Fuente: Direcci\u00f3n de Estrategia y Comunicaci\u00f3n Gubernamental<\/p>\n\n\n\n<p>Ministerio Administrativo de la Presidencia de la Rep\u00fablica Dominicana<\/p>\n","protected":false},"excerpt":{"rendered":"<p>diariodominicano.com Santo Domingo, R. D., 14 de diciembre, 2021.- Con el objetivo de seguir llevando alegr\u00eda en estos d\u00edas previos a la celebraci\u00f3n de las fiestas navide\u00f1as, el Gobierno dominicano contin\u00faa impulsando iniciativas en favor de las familias m\u00e1s vulnerables en todo el pa\u00eds. Con ese prop\u00f3sito y en presencia del presidente Luis Abinader, el [&hellip;]<\/p>\n","protected":false},"author":5,"featured_media":316757,"comment_status":"closed","ping_status":"","sticky":true,"template":"","format":"standard","meta":{"footnotes":""},"categories":[20,27],"tags":[],"class_list":["post-316752","post","type-post","status-publish","format-standard","has-post-thumbnail","hentry","category-dominicana-hoy","category-portada"],"_links":{"self":[{"href":"https:\/\/diariodominicano.com\/index.php?rest_route=\/wp\/v2\/posts\/316752","targetHints":{"allow":["GET"]}}],"collection":[{"href":"https:\/\/diariodominicano.com\/index.php?rest_route=\/wp\/v2\/posts"}],"about":[{"href":"https:\/\/diariodominicano.com\/index.php?rest_route=\/wp\/v2\/types\/post"}],"author":[{"embeddable":true,"href":"https:\/\/diariodominicano.com\/index.php?rest_route=\/wp\/v2\/users\/5"}],"replies":[{"embeddable":true,"href":"https:\/\/diariodominicano.com\/index.php?rest_route=%2Fwp%2Fv2%2Fcomments&post=316752"}],"version-history":[{"count":1,"href":"https:\/\/diariodominicano.com\/index.php?rest_route=\/wp\/v2\/posts\/316752\/revisions"}],"predecessor-version":[{"id":316758,"href":"https:\/\/diariodominicano.com\/index.php?rest_route=\/wp\/v2\/posts\/316752\/revisions\/316758"}],"wp:featuredmedia":[{"embeddable":true,"href":"https:\/\/diariodominicano.com\/index.php?rest_route=\/wp\/v2\/media\/316757"}],"wp:attachment":[{"href":"https:\/\/diariodominicano.com\/index.php?rest_route=%2Fwp%2Fv2%2Fmedia&parent=316752"}],"wp:term":[{"taxonomy":"category","embeddable":true,"href":"https:\/\/diariodominicano.com\/index.php?rest_route=%2Fwp%2Fv2%2Fcategories&post=316752"},{"taxonomy":"post_tag","embeddable":true,"href":"https:\/\/diariodominicano.com\/index.php?rest_route=%2Fwp%2Fv2%2Ftags&post=316752"}],"curies":[{"name":"wp","href":"https:\/\/api.w.org\/{rel}","templated":true}]}}