{"id":316745,"date":"2021-12-14T19:33:33","date_gmt":"2021-12-14T23:33:33","guid":{"rendered":"http:\/\/diariodominicano.com\/?p=316745"},"modified":"2021-12-14T19:33:33","modified_gmt":"2021-12-14T23:33:33","slug":"mueren-dos-policias-y-un-civil-por-detonacion-de-explosivos-en-aeropuerto-de-noreste-de-colombia","status":"publish","type":"post","link":"https:\/\/diariodominicano.com\/?p=316745","title":{"rendered":"Mueren dos polic\u00edas y un civil por detonaci\u00f3n de explosivos en aeropuerto de noreste de Colombia"},"content":{"rendered":"\n<h3 class=\"wp-block-heading\">diariodominicano.com<a rel=\"noreferrer noopener\" href=\"https:\/\/www.xinhua-news.com\/gdsdetailxhs\/share\/10724843-?pageflag=iframe\" target=\"_blank\"><\/a><\/h3>\n\n\n\n<pre id=\"text-news-description\" class=\"wp-block-preformatted\">   BOGOT\u00c1, 14 dic (Xinhua) -- Al menos tres personas murieron, entre ellas dos polic\u00edas y un civil, a consecuencia de la detonaci\u00f3n de dos artefactos explosivos registrada hoy martes en el aeropuerto de la ciudad de C\u00facuta, en el noreste de Colombia, confirm\u00f3 el ministro de Defensa, Diego Molano.\n   El ministro colombiano explic\u00f3 que una primera carga le explot\u00f3 a un civil y minutos despu\u00e9s murieron dos uniformados al momento de desactivar otro explosivo.\n   \"En dos hechos consecutivos, primero un individuo que trat\u00f3 de saltar la reja del aeropuerto, que ten\u00eda un artefacto explosivo, se activ\u00f3 y este individuo feneci\u00f3 (...) inmediatamente lleg\u00f3 el grupo antiexplosivos de la Polic\u00eda con unos soldados, y en la revisi\u00f3n que estaban haciendo (...) nuevamente se activ\u00f3 un artefacto y afect\u00f3 la vida de los polic\u00edas\", explic\u00f3.\n   Molano record\u00f3 que la regi\u00f3n donde se localiza C\u00facuta tiene alta presencia de disidencias de la ex guerrilla de las Fuerzas Armadas Revolucionarias de Colombia (FARC) y del Ej\u00e9rcito de Liberaci\u00f3n Nacional (ELN), grupos delictivos dedicados sobre todo al narcotr\u00e1fico.\n   A su vez, el presidente colombiano, Iv\u00e1n Duque, repudi\u00f3 lo sucedido a trav\u00e9s de su cuenta en Twitter, hecho que calific\u00f3 como \"cobarde ataque terrorista\".\n   \"Repudiamos el cobarde ataque terrorista ocurrido en la ciudad de C\u00facuta\", escribi\u00f3 el mandatario colombiano.\n   Duque record\u00f3 que los dos uniformados antiexplosivos que murieron hab\u00edan sido nominados en la categor\u00eda \"Hero\u00edsmo\" por su trabajo realizado en la instituci\u00f3n armada.\n   \"Lamentamos profundamente la muerte de estos dos uniformados de la @Polic\u00edaColombia, que hab\u00edan sido nominados en la categor\u00eda Hero\u00edsmo por su incansable trabajo para liberar de minas antipersona (al departamento) Norte de Santander y la regi\u00f3n del Catatumbo\", agreg\u00f3.\n   Expuso que con Ej\u00e9rcito y Polic\u00eda se coordinan acciones inmediatas para encontrar a los responsables del atentado.\n   El 25 de junio pasado, integrantes de las disidencias de las ex FARC dispararon contra el helic\u00f3ptero en el que se trasladaba Duque y el ministro de Defensa, as\u00ed como algunas autoridades locales, cuando la nave aterrizaba en el aeropuerto de C\u00facuta, capital del departamento Norte de Santander, donde hay alta presencia de grupos armados.<\/pre>\n","protected":false},"excerpt":{"rendered":"<p>diariodominicano.com BOGOT\u00c1, 14 dic (Xinhua) &#8212; Al menos tres personas murieron, entre ellas dos polic\u00edas y un civil, a consecuencia de la detonaci\u00f3n de dos artefactos explosivos registrada hoy martes en el aeropuerto de la ciudad de C\u00facuta, en el noreste de Colombia, confirm\u00f3 el ministro de Defensa, Diego Molano. El ministro colombiano explic\u00f3 que [&hellip;]<\/p>\n","protected":false},"author":5,"featured_media":316750,"comment_status":"closed","ping_status":"","sticky":true,"template":"","format":"standard","meta":{"footnotes":""},"categories":[23,27],"tags":[],"class_list":["post-316745","post","type-post","status-publish","format-standard","has-post-thumbnail","hentry","category-internacional","category-portada"],"_links":{"self":[{"href":"https:\/\/diariodominicano.com\/index.php?rest_route=\/wp\/v2\/posts\/316745","targetHints":{"allow":["GET"]}}],"collection":[{"href":"https:\/\/diariodominicano.com\/index.php?rest_route=\/wp\/v2\/posts"}],"about":[{"href":"https:\/\/diariodominicano.com\/index.php?rest_route=\/wp\/v2\/types\/post"}],"author":[{"embeddable":true,"href":"https:\/\/diariodominicano.com\/index.php?rest_route=\/wp\/v2\/users\/5"}],"replies":[{"embeddable":true,"href":"https:\/\/diariodominicano.com\/index.php?rest_route=%2Fwp%2Fv2%2Fcomments&post=316745"}],"version-history":[{"count":1,"href":"https:\/\/diariodominicano.com\/index.php?rest_route=\/wp\/v2\/posts\/316745\/revisions"}],"predecessor-version":[{"id":316751,"href":"https:\/\/diariodominicano.com\/index.php?rest_route=\/wp\/v2\/posts\/316745\/revisions\/316751"}],"wp:featuredmedia":[{"embeddable":true,"href":"https:\/\/diariodominicano.com\/index.php?rest_route=\/wp\/v2\/media\/316750"}],"wp:attachment":[{"href":"https:\/\/diariodominicano.com\/index.php?rest_route=%2Fwp%2Fv2%2Fmedia&parent=316745"}],"wp:term":[{"taxonomy":"category","embeddable":true,"href":"https:\/\/diariodominicano.com\/index.php?rest_route=%2Fwp%2Fv2%2Fcategories&post=316745"},{"taxonomy":"post_tag","embeddable":true,"href":"https:\/\/diariodominicano.com\/index.php?rest_route=%2Fwp%2Fv2%2Ftags&post=316745"}],"curies":[{"name":"wp","href":"https:\/\/api.w.org\/{rel}","templated":true}]}}