{"id":316739,"date":"2021-12-14T15:07:13","date_gmt":"2021-12-14T19:07:13","guid":{"rendered":"http:\/\/diariodominicano.com\/?p=316739"},"modified":"2021-12-14T20:29:03","modified_gmt":"2021-12-15T00:29:03","slug":"septima-copa-golf-benefico-del-cuerpo-consular-consolida-relaciones-sociales","status":"publish","type":"post","link":"https:\/\/diariodominicano.com\/?p=316739","title":{"rendered":"S\u00e9ptima copa golf ben\u00e9fico\u00a0del Cuerpo Consular\u00a0consolida relaciones sociales"},"content":{"rendered":"\n<p><br> <\/p>\n\n\n\n<p><\/p>\n\n\n\n<p> <strong>El decano del Cuerpo Consular y c\u00f3nsul de Albania, Jos\u00e9 Manuel Romero, ofrece las palabras de bienvenida. <\/strong><\/p>\n\n\n\n<p><em><strong>El clima favoreci\u00f3 el desarrollo del tradicional evento anual de los c\u00f3nsules honorarios,que esta versi\u00f3n estuvo dedicado a la memoria del destacado cardi\u00f3logo, piloto yfil\u00e1ntropo Douglas Bournigal Redondo.<\/strong><\/em><\/p>\n\n\n\n<figure class=\"wp-block-image size-large\"><img loading=\"lazy\" decoding=\"async\" width=\"1024\" height=\"683\" src=\"https:\/\/diariodominicano.com\/wp-content\/uploads\/2021\/12\/Foto-2-Jose-Romero-entrega-un-reconocimiento-a-Jonathan-y-Michelle-Bournigal.-1024x683.jpg\" alt=\"\" class=\"wp-image-316741\" srcset=\"https:\/\/diariodominicano.com\/wp-content\/uploads\/2021\/12\/Foto-2-Jose-Romero-entrega-un-reconocimiento-a-Jonathan-y-Michelle-Bournigal.-1024x683.jpg 1024w, https:\/\/diariodominicano.com\/wp-content\/uploads\/2021\/12\/Foto-2-Jose-Romero-entrega-un-reconocimiento-a-Jonathan-y-Michelle-Bournigal.-300x200.jpg 300w, https:\/\/diariodominicano.com\/wp-content\/uploads\/2021\/12\/Foto-2-Jose-Romero-entrega-un-reconocimiento-a-Jonathan-y-Michelle-Bournigal.-768x512.jpg 768w, https:\/\/diariodominicano.com\/wp-content\/uploads\/2021\/12\/Foto-2-Jose-Romero-entrega-un-reconocimiento-a-Jonathan-y-Michelle-Bournigal.-1536x1024.jpg 1536w, https:\/\/diariodominicano.com\/wp-content\/uploads\/2021\/12\/Foto-2-Jose-Romero-entrega-un-reconocimiento-a-Jonathan-y-Michelle-Bournigal.-2048x1365.jpg 2048w, https:\/\/diariodominicano.com\/wp-content\/uploads\/2021\/12\/Foto-2-Jose-Romero-entrega-un-reconocimiento-a-Jonathan-y-Michelle-Bournigal.-816x544.jpg 816w\" sizes=\"auto, (max-width: 1024px) 100vw, 1024px\" \/><\/figure>\n\n\n\n<p><strong>El decano del Cuerpo Consular y c\u00f3nsul de Albania, Jos\u00e9 Manuel Romero, entrega una placa de reconocimiento a los hermanos Jonathan y Michelle Bournigal.<\/strong><\/p>\n\n\n\n<p><\/p>\n\n\n\n<p>P<strong>uerto Plata, R.D.<\/strong>&#8211; Un ambiente distendido rein\u00f3 entre los participantes de la s\u00e9ptima edici\u00f3n de la Copa Consular de Golf 2021, organizada por el Cuerpo Consular Acreditado en la Rep\u00fablica Dominicana (CC), que este a\u00f1o se llev\u00f3 a cabo entre la vegetaci\u00f3n tropical y las brisas del mar Atl\u00e1ntico que ofrece el complejo Playa Dorada Golf Course, en la costa Norte del pa\u00eds.<\/p>\n\n\n\n<p><br>El evento social se inici\u00f3 con unas palabras de bienvenida a cargo del decano del CC y c\u00f3nsul honorario de la Rep\u00fablica de Albania, Jos\u00e9 Manuel Romero y la asistencia de numerosos c\u00f3nsules acreditados en el pa\u00eds, embajadores, empresarios, representantes de las empresas patrocinadoras y decenas de entusiastas golfistas.<br><\/p>\n\n\n\n<figure class=\"wp-block-image size-large\"><img loading=\"lazy\" decoding=\"async\" width=\"1024\" height=\"683\" src=\"https:\/\/diariodominicano.com\/wp-content\/uploads\/2021\/12\/Foto-3-El-embajador-de-Francia-Eric-Fournier-y-la-consul-Monaco-Sonia-Villanueva.-1024x683.jpg\" alt=\"\" class=\"wp-image-316742\" srcset=\"https:\/\/diariodominicano.com\/wp-content\/uploads\/2021\/12\/Foto-3-El-embajador-de-Francia-Eric-Fournier-y-la-consul-Monaco-Sonia-Villanueva.-1024x683.jpg 1024w, https:\/\/diariodominicano.com\/wp-content\/uploads\/2021\/12\/Foto-3-El-embajador-de-Francia-Eric-Fournier-y-la-consul-Monaco-Sonia-Villanueva.-300x200.jpg 300w, https:\/\/diariodominicano.com\/wp-content\/uploads\/2021\/12\/Foto-3-El-embajador-de-Francia-Eric-Fournier-y-la-consul-Monaco-Sonia-Villanueva.-768x512.jpg 768w, https:\/\/diariodominicano.com\/wp-content\/uploads\/2021\/12\/Foto-3-El-embajador-de-Francia-Eric-Fournier-y-la-consul-Monaco-Sonia-Villanueva.-1536x1024.jpg 1536w, https:\/\/diariodominicano.com\/wp-content\/uploads\/2021\/12\/Foto-3-El-embajador-de-Francia-Eric-Fournier-y-la-consul-Monaco-Sonia-Villanueva.-2048x1365.jpg 2048w, https:\/\/diariodominicano.com\/wp-content\/uploads\/2021\/12\/Foto-3-El-embajador-de-Francia-Eric-Fournier-y-la-consul-Monaco-Sonia-Villanueva.-816x544.jpg 816w\" sizes=\"auto, (max-width: 1024px) 100vw, 1024px\" \/><\/figure>\n\n\n\n<p><strong>El embajador de Francia, Eric Fournier y la c\u00f3nsul de M\u00f3naco, Sonia Villanueva de<br>Brouwer.<\/strong><\/p>\n\n\n\n<p>El decano del CC resalt\u00f3 que parte de los fondos recaudados este a\u00f1o ser\u00e1n donados al Voluntariado Jes\u00fas con los Ni\u00f1os, del Hospital Ricardo Limardo; a la Sociedad Ben\u00e9fica Amor y Paz &#8211; Casa Albergue de Martina y a la Casa Nazaret, entidades las cuales apoyan a la infancia desvalida y con necesidades especiales en la provincia de Puerto Plata.<\/p>\n\n\n\n<figure class=\"wp-block-image size-large\"><img loading=\"lazy\" decoding=\"async\" width=\"1024\" height=\"683\" src=\"https:\/\/diariodominicano.com\/wp-content\/uploads\/2021\/12\/foto-7-Daniel-Paulino-Virgilio-Perez-Bernal-el-consul-El-Salvador-Oscar-Pena-y-Gonzalo-Perez.-1024x683.jpg\" alt=\"\" class=\"wp-image-316781\" srcset=\"https:\/\/diariodominicano.com\/wp-content\/uploads\/2021\/12\/foto-7-Daniel-Paulino-Virgilio-Perez-Bernal-el-consul-El-Salvador-Oscar-Pena-y-Gonzalo-Perez.-1024x683.jpg 1024w, https:\/\/diariodominicano.com\/wp-content\/uploads\/2021\/12\/foto-7-Daniel-Paulino-Virgilio-Perez-Bernal-el-consul-El-Salvador-Oscar-Pena-y-Gonzalo-Perez.-300x200.jpg 300w, https:\/\/diariodominicano.com\/wp-content\/uploads\/2021\/12\/foto-7-Daniel-Paulino-Virgilio-Perez-Bernal-el-consul-El-Salvador-Oscar-Pena-y-Gonzalo-Perez.-768x512.jpg 768w, https:\/\/diariodominicano.com\/wp-content\/uploads\/2021\/12\/foto-7-Daniel-Paulino-Virgilio-Perez-Bernal-el-consul-El-Salvador-Oscar-Pena-y-Gonzalo-Perez.-1536x1024.jpg 1536w, https:\/\/diariodominicano.com\/wp-content\/uploads\/2021\/12\/foto-7-Daniel-Paulino-Virgilio-Perez-Bernal-el-consul-El-Salvador-Oscar-Pena-y-Gonzalo-Perez.-2048x1365.jpg 2048w, https:\/\/diariodominicano.com\/wp-content\/uploads\/2021\/12\/foto-7-Daniel-Paulino-Virgilio-Perez-Bernal-el-consul-El-Salvador-Oscar-Pena-y-Gonzalo-Perez.-816x544.jpg 816w\" sizes=\"auto, (max-width: 1024px) 100vw, 1024px\" \/><\/figure>\n\n\n\n<p><\/p>\n\n\n\n<p><br><strong>Los ganadores<\/strong><\/p>\n\n\n\n<p><br>Las parejas ganadoras en la categor\u00eda \u201cA\u201d fueron Quilvio Hern\u00e1ndez y Rams\u00e9s Peguero; mientras que ocuparon el segundo lugar Rafael D\u00edaz Almonte y Rafael Rodr\u00edguez; en la categor\u00eda \u201cB\u201d vencieron Daniel Armando Paulino y Gonzalo Daniel P\u00e9rez, y en el segundo lugar Pedro Goico y Fernando Figueroa.<\/p>\n\n\n\n<figure class=\"wp-block-image size-large\"><img loading=\"lazy\" decoding=\"async\" width=\"1024\" height=\"683\" src=\"https:\/\/diariodominicano.com\/wp-content\/uploads\/2021\/12\/Foto-6-Antonio-Alma-Iglesia-Coco-Bordas-Kelvin-Dominici-y-el-consul-de-Turquia-Antonio-Alma.-1024x683.jpg\" alt=\"\" class=\"wp-image-316783\" srcset=\"https:\/\/diariodominicano.com\/wp-content\/uploads\/2021\/12\/Foto-6-Antonio-Alma-Iglesia-Coco-Bordas-Kelvin-Dominici-y-el-consul-de-Turquia-Antonio-Alma.-1024x683.jpg 1024w, https:\/\/diariodominicano.com\/wp-content\/uploads\/2021\/12\/Foto-6-Antonio-Alma-Iglesia-Coco-Bordas-Kelvin-Dominici-y-el-consul-de-Turquia-Antonio-Alma.-300x200.jpg 300w, https:\/\/diariodominicano.com\/wp-content\/uploads\/2021\/12\/Foto-6-Antonio-Alma-Iglesia-Coco-Bordas-Kelvin-Dominici-y-el-consul-de-Turquia-Antonio-Alma.-768x512.jpg 768w, https:\/\/diariodominicano.com\/wp-content\/uploads\/2021\/12\/Foto-6-Antonio-Alma-Iglesia-Coco-Bordas-Kelvin-Dominici-y-el-consul-de-Turquia-Antonio-Alma.-1536x1024.jpg 1536w, https:\/\/diariodominicano.com\/wp-content\/uploads\/2021\/12\/Foto-6-Antonio-Alma-Iglesia-Coco-Bordas-Kelvin-Dominici-y-el-consul-de-Turquia-Antonio-Alma.-2048x1365.jpg 2048w, https:\/\/diariodominicano.com\/wp-content\/uploads\/2021\/12\/Foto-6-Antonio-Alma-Iglesia-Coco-Bordas-Kelvin-Dominici-y-el-consul-de-Turquia-Antonio-Alma.-816x544.jpg 816w\" sizes=\"auto, (max-width: 1024px) 100vw, 1024px\" \/><\/figure>\n\n\n\n<p><br>Asimismo, en la categor\u00eda \u201cC\u201d el d\u00fao compuesto por Caonabo Almonte y Pedro Miguel Rodr\u00edguez, obtuvieron el primer lugar; y Jorge Feliz y Ricardo Subero, quedaron en la segunda posici\u00f3n.<\/p>\n\n\n\n<p><br>En el rengl\u00f3n de damas sobresalieron en el primer lugar, el equipo integrado por Modesta de Alma y Maribel Morales; y en la segunda posici\u00f3n las j\u00f3venes Maricruz Cruz y Cristina Ricart.<\/p>\n\n\n\n<figure class=\"wp-block-image size-large\"><img loading=\"lazy\" decoding=\"async\" width=\"683\" height=\"1024\" src=\"https:\/\/diariodominicano.com\/wp-content\/uploads\/2021\/12\/Foto-8-Michelle-Bournigal-hace-el-saque-de-honor-del-torneo.-683x1024.jpg\" alt=\"\" class=\"wp-image-316784\" srcset=\"https:\/\/diariodominicano.com\/wp-content\/uploads\/2021\/12\/Foto-8-Michelle-Bournigal-hace-el-saque-de-honor-del-torneo.-683x1024.jpg 683w, https:\/\/diariodominicano.com\/wp-content\/uploads\/2021\/12\/Foto-8-Michelle-Bournigal-hace-el-saque-de-honor-del-torneo.-200x300.jpg 200w, https:\/\/diariodominicano.com\/wp-content\/uploads\/2021\/12\/Foto-8-Michelle-Bournigal-hace-el-saque-de-honor-del-torneo.-768x1151.jpg 768w, https:\/\/diariodominicano.com\/wp-content\/uploads\/2021\/12\/Foto-8-Michelle-Bournigal-hace-el-saque-de-honor-del-torneo.-816x1223.jpg 816w, https:\/\/diariodominicano.com\/wp-content\/uploads\/2021\/12\/Foto-8-Michelle-Bournigal-hace-el-saque-de-honor-del-torneo..jpg 854w\" sizes=\"auto, (max-width: 683px) 100vw, 683px\" \/><\/figure>\n\n\n\n<p><br><strong>Sobre el Cuerpo Consular y los C\u00f3nsules acreditados:<\/strong><br>El Cuerpo Consular acreditado en la Rep\u00fablica Dominicana est\u00e1 integrado por 150 C\u00f3nsules, siendo estos destacados ciudadanos dominicanos y extranjeros, en los que m\u00e1s de 90 Estados soberanos, los cuales poseen relaciones diplom\u00e1ticas con la Rep\u00fablica Dominicana, han delegado su representaci\u00f3n pol\u00edtica, econ\u00f3mica, cultural y de protecci\u00f3n de sus intereses, conforme a la Convenci\u00f3n de Viena sobre Relaciones Consulares, de 1963.<\/p>\n\n\n\n<p><\/p>\n\n\n\n<p><strong>Links descargar v\u00eddeo:<\/strong><\/p>\n","protected":false},"excerpt":{"rendered":"<p>El decano del Cuerpo Consular y c\u00f3nsul de Albania, Jos\u00e9 Manuel Romero, ofrece las palabras de bienvenida. El clima favoreci\u00f3 el desarrollo del tradicional evento anual de los c\u00f3nsules honorarios,que esta versi\u00f3n estuvo dedicado a la memoria del destacado cardi\u00f3logo, piloto yfil\u00e1ntropo Douglas Bournigal Redondo. El decano del Cuerpo Consular y c\u00f3nsul de Albania, Jos\u00e9 [&hellip;]<\/p>\n","protected":false},"author":2,"featured_media":316740,"comment_status":"closed","ping_status":"","sticky":true,"template":"","format":"standard","meta":{"footnotes":""},"categories":[17,27],"tags":[],"class_list":["post-316739","post","type-post","status-publish","format-standard","has-post-thumbnail","hentry","category-deportes","category-portada"],"_links":{"self":[{"href":"https:\/\/diariodominicano.com\/index.php?rest_route=\/wp\/v2\/posts\/316739","targetHints":{"allow":["GET"]}}],"collection":[{"href":"https:\/\/diariodominicano.com\/index.php?rest_route=\/wp\/v2\/posts"}],"about":[{"href":"https:\/\/diariodominicano.com\/index.php?rest_route=\/wp\/v2\/types\/post"}],"author":[{"embeddable":true,"href":"https:\/\/diariodominicano.com\/index.php?rest_route=\/wp\/v2\/users\/2"}],"replies":[{"embeddable":true,"href":"https:\/\/diariodominicano.com\/index.php?rest_route=%2Fwp%2Fv2%2Fcomments&post=316739"}],"version-history":[{"count":8,"href":"https:\/\/diariodominicano.com\/index.php?rest_route=\/wp\/v2\/posts\/316739\/revisions"}],"predecessor-version":[{"id":316785,"href":"https:\/\/diariodominicano.com\/index.php?rest_route=\/wp\/v2\/posts\/316739\/revisions\/316785"}],"wp:featuredmedia":[{"embeddable":true,"href":"https:\/\/diariodominicano.com\/index.php?rest_route=\/wp\/v2\/media\/316740"}],"wp:attachment":[{"href":"https:\/\/diariodominicano.com\/index.php?rest_route=%2Fwp%2Fv2%2Fmedia&parent=316739"}],"wp:term":[{"taxonomy":"category","embeddable":true,"href":"https:\/\/diariodominicano.com\/index.php?rest_route=%2Fwp%2Fv2%2Fcategories&post=316739"},{"taxonomy":"post_tag","embeddable":true,"href":"https:\/\/diariodominicano.com\/index.php?rest_route=%2Fwp%2Fv2%2Ftags&post=316739"}],"curies":[{"name":"wp","href":"https:\/\/api.w.org\/{rel}","templated":true}]}}