{"id":316432,"date":"2021-12-13T19:46:52","date_gmt":"2021-12-13T23:46:52","guid":{"rendered":"http:\/\/diariodominicano.com\/?p=316432"},"modified":"2021-12-13T21:52:12","modified_gmt":"2021-12-14T01:52:12","slug":"ana-elsa-santos-es-escogida-presidente-de-la-udesa","status":"publish","type":"post","link":"https:\/\/diariodominicano.com\/?p=316432","title":{"rendered":"Ana Elsa Santos es escogida presidenta de la UDESA"},"content":{"rendered":"\n<p><strong>OSCAR POLANCO<\/strong> <\/p>\n\n\n\n<p><strong>SANTIAGO, Rep\u00fablica Dominicana, |3 de diciembre.-<\/strong>\u00a0Con la dirigente Ana Elsa Santos como presidente, la Uni\u00f3n Deportiva de Santiago, Inc. (UDESA) escogi\u00f3 un nuevo Comit\u00e9 Ejecutivo, en elecciones realizadas el pasado mi\u00e9rcoles ocho de diciembre en el sal\u00f3n Hanns Hieronimus, de sus oficinas en esta ciudad.<\/p>\n\n\n\n<div class=\"wp-block-jetpack-slideshow aligncenter\" data-effect=\"slide\"><div class=\"wp-block-jetpack-slideshow_container swiper-container\"><ul class=\"wp-block-jetpack-slideshow_swiper-wrapper swiper-wrapper\"><li class=\"wp-block-jetpack-slideshow_slide swiper-slide\"><figure><img loading=\"lazy\" decoding=\"async\" width=\"641\" height=\"736\" alt=\"\" class=\"wp-block-jetpack-slideshow_image wp-image-316500\" data-id=\"316500\" src=\"https:\/\/diariodominicano.com\/wp-content\/uploads\/2021\/12\/Ana-Elsa-Santos-1.jpeg\" srcset=\"https:\/\/diariodominicano.com\/wp-content\/uploads\/2021\/12\/Ana-Elsa-Santos-1.jpeg 641w, https:\/\/diariodominicano.com\/wp-content\/uploads\/2021\/12\/Ana-Elsa-Santos-1-261x300.jpeg 261w\" sizes=\"auto, (max-width: 641px) 100vw, 641px\" \/><figcaption class=\"wp-block-jetpack-slideshow_caption gallery-caption\">Ana Elsa Santos<\/figcaption><\/figure><\/li><li class=\"wp-block-jetpack-slideshow_slide swiper-slide\"><figure><img loading=\"lazy\" decoding=\"async\" width=\"573\" height=\"571\" alt=\"\" class=\"wp-block-jetpack-slideshow_image wp-image-316501\" data-id=\"316501\" src=\"https:\/\/diariodominicano.com\/wp-content\/uploads\/2021\/12\/Emmanuel-Garcia-Musa.jpeg\" srcset=\"https:\/\/diariodominicano.com\/wp-content\/uploads\/2021\/12\/Emmanuel-Garcia-Musa.jpeg 573w, https:\/\/diariodominicano.com\/wp-content\/uploads\/2021\/12\/Emmanuel-Garcia-Musa-300x300.jpeg 300w, https:\/\/diariodominicano.com\/wp-content\/uploads\/2021\/12\/Emmanuel-Garcia-Musa-150x150.jpeg 150w, https:\/\/diariodominicano.com\/wp-content\/uploads\/2021\/12\/Emmanuel-Garcia-Musa-88x88.jpeg 88w\" sizes=\"auto, (max-width: 573px) 100vw, 573px\" \/><figcaption class=\"wp-block-jetpack-slideshow_caption gallery-caption\">Emmanuel Garc\u00eda Musa<\/figcaption><\/figure><\/li><\/ul><a class=\"wp-block-jetpack-slideshow_button-prev swiper-button-prev swiper-button-white\" role=\"button\"><\/a><a class=\"wp-block-jetpack-slideshow_button-next swiper-button-next swiper-button-white\" role=\"button\"><\/a><a aria-label=\"Pause Slideshow\" class=\"wp-block-jetpack-slideshow_button-pause\" role=\"button\"><\/a><div class=\"wp-block-jetpack-slideshow_pagination swiper-pagination swiper-pagination-white\"><\/div><\/div><\/div>\n\n\n\n<p> <strong>Los nuevos ejecutivos de UDESA al momento de ser juramentados, Ana Elsa Santos, Timoteo P\u00e9rez, El\u00edas P\u00e9rez, Emmanuel Garc\u00eda Musa, Rafael Balbuena, Ricardo Guzm\u00e1n, William Cabrera, Osvaldo Arzola, Rub\u00e9n Mu\u00f1oz y Hanns Peter Gonz\u00e1lez.<\/strong><\/p>\n\n\n\n<p><strong>L<\/strong>a nueva directiva encabezada por Santos recibi\u00f3 un\u00e1nime un total de 23 votos de las 28 asociaciones afiliadas a la UDESA con derecho a ejercer el sufragio, para un 82 por ciento.<\/p>\n\n\n\n<p><strong>S<\/strong>antos, quien es presidente de la Asociaci\u00f3n de Triatl\u00f3n de Santiago, es acompa\u00f1ada por Timoteo P\u00e9rez y El\u00edas P\u00e9rez, primer y segundo vicepresidente respectivamente <\/p>\n\n\n\n<p><strong>F<\/strong>orman parte de la directiva, tambi\u00e9n, Emmanuel Garc\u00eda Musa, secretario general; Rafael Balbuena, co-secretario; Ricardo Guzm\u00e1n, secretario de finanzas; William Cabrera, co-secretario de finanzas; Osvaldo Arzola, Rub\u00e9n Mu\u00f1oz y Hanns Peter Gonz\u00e1lez, vocales.<\/p>\n\n\n\n<p><strong>L<\/strong>a Comisi\u00f3n Electoral estuvo compuesta por el se\u00f1or Francisco Peguero, representante de la Federaci\u00f3n Dominicana de Uniones Deportivas; do\u00f1a Julia Lora de Hieronimus y don C\u00e9sar Pichardo.<\/p>\n\n\n\n<p><strong>L<\/strong>uego de la juramentaci\u00f3n, la se\u00f1ora Santos agradeci\u00f3 a todos los asociados por la confianza depositada en ella y se comprometi\u00f3 a impulsar las acciones necesarias para seguir contribuyendo con el desarrollo deportivo de la provincia de la mano de las asociaciones deportivas y todas las instituciones y autoridades e instituciones que inciden en la actividad deportiva nacional.<\/p>\n\n\n\n<p> <strong>Texto y fotos enviados por Oscar Polanco<\/strong> <\/p>\n","protected":false},"excerpt":{"rendered":"<p>OSCAR POLANCO SANTIAGO, Rep\u00fablica Dominicana, |3 de diciembre.-\u00a0Con la dirigente Ana Elsa Santos como presidente, la Uni\u00f3n Deportiva de Santiago, Inc. (UDESA) escogi\u00f3 un nuevo Comit\u00e9 Ejecutivo, en elecciones realizadas el pasado mi\u00e9rcoles ocho de diciembre en el sal\u00f3n Hanns Hieronimus, de sus oficinas en esta ciudad. Los nuevos ejecutivos de UDESA al momento de [&hellip;]<\/p>\n","protected":false},"author":2,"featured_media":316502,"comment_status":"closed","ping_status":"","sticky":true,"template":"","format":"standard","meta":{"footnotes":""},"categories":[17,27],"tags":[],"class_list":["post-316432","post","type-post","status-publish","format-standard","has-post-thumbnail","hentry","category-deportes","category-portada"],"_links":{"self":[{"href":"https:\/\/diariodominicano.com\/index.php?rest_route=\/wp\/v2\/posts\/316432","targetHints":{"allow":["GET"]}}],"collection":[{"href":"https:\/\/diariodominicano.com\/index.php?rest_route=\/wp\/v2\/posts"}],"about":[{"href":"https:\/\/diariodominicano.com\/index.php?rest_route=\/wp\/v2\/types\/post"}],"author":[{"embeddable":true,"href":"https:\/\/diariodominicano.com\/index.php?rest_route=\/wp\/v2\/users\/2"}],"replies":[{"embeddable":true,"href":"https:\/\/diariodominicano.com\/index.php?rest_route=%2Fwp%2Fv2%2Fcomments&post=316432"}],"version-history":[{"count":6,"href":"https:\/\/diariodominicano.com\/index.php?rest_route=\/wp\/v2\/posts\/316432\/revisions"}],"predecessor-version":[{"id":316505,"href":"https:\/\/diariodominicano.com\/index.php?rest_route=\/wp\/v2\/posts\/316432\/revisions\/316505"}],"wp:featuredmedia":[{"embeddable":true,"href":"https:\/\/diariodominicano.com\/index.php?rest_route=\/wp\/v2\/media\/316502"}],"wp:attachment":[{"href":"https:\/\/diariodominicano.com\/index.php?rest_route=%2Fwp%2Fv2%2Fmedia&parent=316432"}],"wp:term":[{"taxonomy":"category","embeddable":true,"href":"https:\/\/diariodominicano.com\/index.php?rest_route=%2Fwp%2Fv2%2Fcategories&post=316432"},{"taxonomy":"post_tag","embeddable":true,"href":"https:\/\/diariodominicano.com\/index.php?rest_route=%2Fwp%2Fv2%2Ftags&post=316432"}],"curies":[{"name":"wp","href":"https:\/\/api.w.org\/{rel}","templated":true}]}}