{"id":316366,"date":"2021-12-13T14:20:08","date_gmt":"2021-12-13T18:20:08","guid":{"rendered":"http:\/\/diariodominicano.com\/?p=316366"},"modified":"2021-12-13T14:20:08","modified_gmt":"2021-12-13T18:20:08","slug":"papa-francisco-que-dios-consuele-a-afectados-por-inmensa-tragedia-de-tornados-en-eeuu","status":"publish","type":"post","link":"https:\/\/diariodominicano.com\/?p=316366","title":{"rendered":"Papa Francisco: Que Dios consuele a afectados por inmensa tragedia de tornados en EEUU"},"content":{"rendered":"\n<p>diariodominicano.com<\/p>\n\n\n\n<p>POR\u00a0<a href=\"https:\/\/plus.google.com\/107804778779838332355\/?rel=author\">WALTER S\u00c1NCHEZ SILVA<\/a>\u00a0| ACI Prensa<\/p>\n\n\n\n<p>Vaticano,  13 de 12 de diciembre, 2021.-  El Papa Francisco elev\u00f3 sus m\u00e1s sentidas oraciones por todos aquellos que han sido afectados por la \u201cinmensa tragedia\u201d de los tornados que golpearon Estados Unidos en los \u00faltimos d\u00edas y que dejaron cuantiosos da\u00f1os materiales y que habr\u00edan dejado al menos 100 muertos.<\/p>\n\n\n\n<p>A ra\u00edz de esta tragedia, el Cardenal Pietro Parolin, Secretario de Estado del Vaticano, envi\u00f3 un telegrama a nombre del Papa Francisco a Mons. Jos\u00e9 Gomez, Arzobispo de Los \u00c1ngeles y presidente de la Conferencia de Obispos Cat\u00f3licos de Estados Unidos.<\/p>\n\n\n\n<p>En el texto se indica que \u201cel Santo Padre se entristeci\u00f3 al conocer el devastador impacto de los tornados que golpearon la zona central y sur de Estados Unidos en estos d\u00edas\u201d.<\/p>\n\n\n\n<p>Por esa raz\u00f3n, el Papa \u201cofrece sus m\u00e1s sentidas oraciones, para que Dios Todopoderoso conceda la paz eterna a quienes han fallecido, consuelo a quienes lloran su p\u00e9rdida y fuerza a todos los afectados por esta inmensa tragedia\u201d.<\/p>\n\n\n\n<p>Francisco tambi\u00e9n agradeci\u00f3 \u201clos incansables esfuerzos de los trabajadores de rescate y todos los que est\u00e1n comprometidos en cuidar a los heridos, a las familias en duelo y a los que se han quedado sin hogar\u201d.<\/p>\n\n\n\n<p>Para concluir, \u201cel Papa Francisco invoca sobre todos los que trabajan en la gran obra de ayuda y reconstrucci\u00f3n, los dones del Se\u00f1or de fortaleza y perseverancia generosa en el servicio de sus hermanos y hermanas\u201d.<\/p>\n\n\n\n<p>Entre el viernes 10 y el s\u00e1bado 11 de diciembre, al menos 37 tornados golpearon al menos seis estados en Estados Unidos: Arkansas, Illinois, Kentucky, Mississippi, Missouri y Tennessee.<\/p>\n\n\n\n<div class=\"wp-block-image\"><figure class=\"alignleft size-large is-resized\"><img loading=\"lazy\" decoding=\"async\" src=\"https:\/\/diariodominicano.com\/wp-content\/uploads\/2021\/12\/kentuky-midwest_tornado123-12-21-1024x631.jpg\" alt=\"\" class=\"wp-image-316368\" width=\"398\" height=\"245\" srcset=\"https:\/\/diariodominicano.com\/wp-content\/uploads\/2021\/12\/kentuky-midwest_tornado123-12-21-1024x631.jpg 1024w, https:\/\/diariodominicano.com\/wp-content\/uploads\/2021\/12\/kentuky-midwest_tornado123-12-21-300x185.jpg 300w, https:\/\/diariodominicano.com\/wp-content\/uploads\/2021\/12\/kentuky-midwest_tornado123-12-21-768x473.jpg 768w, https:\/\/diariodominicano.com\/wp-content\/uploads\/2021\/12\/kentuky-midwest_tornado123-12-21-816x503.jpg 816w, https:\/\/diariodominicano.com\/wp-content\/uploads\/2021\/12\/kentuky-midwest_tornado123-12-21.jpg 1201w\" sizes=\"auto, (max-width: 398px) 100vw, 398px\" \/><\/figure><\/div>\n\n\n\n<p>Solo en Kentucky se contabiliza al menos 70 personas fallecidas.<\/p>\n\n\n\n<p>El pueblo de Mayfield, ubicado dentro de la Di\u00f3cesis de Owensboro, fue una de las comunidades m\u00e1s golpeadas por los tornados.<\/p>\n\n\n\n<p>M\u00e1s de 100 personas habr\u00edan buscado refugio en una f\u00e1brica de velas, y las autoridades creen que al menos una docena de ellas murieron.<\/p>\n\n\n\n<p>\u201cUna demostraci\u00f3n del incre\u00edble poder de las tormentas sucedi\u00f3 el s\u00e1bado, cuando los vientos descarrilaron un tren cerca de Earlington, Kentucky, y uno de los 27 vagones del veh\u00edculo se elev\u00f3 casi 70 metros y aterriz\u00f3 en una casa. Nadie result\u00f3 lastimado\u201d, inform\u00f3&nbsp;<a href=\"https:\/\/www.dw.com\/es\/devastadores-tornados-dejan-m%C3%A1s-de-80-muertos-en-estados-unidos\/a-60092679\">Deutsche Welle (DW)<\/a>.<\/p>\n\n\n\n<p>El Santo Padre ya hab\u00eda elevado ayer sus oraciones por las v\u00edctimas de los tornados, luego del rezo del \u00c1ngelus en el tercer Domingo de Adviento en la Plaza de San Pedro.<\/p>\n","protected":false},"excerpt":{"rendered":"<p>diariodominicano.com POR\u00a0WALTER S\u00c1NCHEZ SILVA\u00a0| ACI Prensa Vaticano, 13 de 12 de diciembre, 2021.- El Papa Francisco elev\u00f3 sus m\u00e1s sentidas oraciones por todos aquellos que han sido afectados por la \u201cinmensa tragedia\u201d de los tornados que golpearon Estados Unidos en los \u00faltimos d\u00edas y que dejaron cuantiosos da\u00f1os materiales y que habr\u00edan dejado al menos [&hellip;]<\/p>\n","protected":false},"author":5,"featured_media":316367,"comment_status":"closed","ping_status":"","sticky":true,"template":"","format":"standard","meta":{"footnotes":""},"categories":[23,27],"tags":[],"class_list":["post-316366","post","type-post","status-publish","format-standard","has-post-thumbnail","hentry","category-internacional","category-portada"],"_links":{"self":[{"href":"https:\/\/diariodominicano.com\/index.php?rest_route=\/wp\/v2\/posts\/316366","targetHints":{"allow":["GET"]}}],"collection":[{"href":"https:\/\/diariodominicano.com\/index.php?rest_route=\/wp\/v2\/posts"}],"about":[{"href":"https:\/\/diariodominicano.com\/index.php?rest_route=\/wp\/v2\/types\/post"}],"author":[{"embeddable":true,"href":"https:\/\/diariodominicano.com\/index.php?rest_route=\/wp\/v2\/users\/5"}],"replies":[{"embeddable":true,"href":"https:\/\/diariodominicano.com\/index.php?rest_route=%2Fwp%2Fv2%2Fcomments&post=316366"}],"version-history":[{"count":1,"href":"https:\/\/diariodominicano.com\/index.php?rest_route=\/wp\/v2\/posts\/316366\/revisions"}],"predecessor-version":[{"id":316369,"href":"https:\/\/diariodominicano.com\/index.php?rest_route=\/wp\/v2\/posts\/316366\/revisions\/316369"}],"wp:featuredmedia":[{"embeddable":true,"href":"https:\/\/diariodominicano.com\/index.php?rest_route=\/wp\/v2\/media\/316367"}],"wp:attachment":[{"href":"https:\/\/diariodominicano.com\/index.php?rest_route=%2Fwp%2Fv2%2Fmedia&parent=316366"}],"wp:term":[{"taxonomy":"category","embeddable":true,"href":"https:\/\/diariodominicano.com\/index.php?rest_route=%2Fwp%2Fv2%2Fcategories&post=316366"},{"taxonomy":"post_tag","embeddable":true,"href":"https:\/\/diariodominicano.com\/index.php?rest_route=%2Fwp%2Fv2%2Ftags&post=316366"}],"curies":[{"name":"wp","href":"https:\/\/api.w.org\/{rel}","templated":true}]}}