{"id":316317,"date":"2021-12-13T11:28:38","date_gmt":"2021-12-13T15:28:38","guid":{"rendered":"http:\/\/diariodominicano.com\/?p=316317"},"modified":"2021-12-13T11:28:38","modified_gmt":"2021-12-13T15:28:38","slug":"incendio-consume-complejo-turistico-en-ciudad-dominicana","status":"publish","type":"post","link":"https:\/\/diariodominicano.com\/?p=316317","title":{"rendered":"Incendio consume complejo tur\u00edstico en ciudad dominicana"},"content":{"rendered":"\n<p>diariodominicano.com<\/p>\n\n\n\n<p>Santo Domingo, 13 dic (Prensa Latina) Un incendio de causas desconocidas consumi\u00f3 hoy el complejo tur\u00edstico Casa Bonita en Barahona, situado en el suroeste de la capital dominicana.<\/p>\n\n\n\n<p>Informes preliminares, citados por medios de prensa, indican que varias unidades del Cuerpo de Bomberos de ese territorio controlaron las llamas, pero a su paso consumieron casi en su totalidad el centro tur\u00edstico.<\/p>\n\n\n\n<p>Hasta el momento no existen v\u00edctimas pues los turistas alojados en el lugar fueron sacados de sus caba\u00f1as y llevados a un local seguro.<\/p>\n\n\n\n<p>El incendio es un duro golpe para la econom\u00eda de la regi\u00f3n ya que no pocos habitantes del lugar estaban empleados en la instalaci\u00f3n.<\/p>\n\n\n\n<p>gas\/ema<\/p>\n","protected":false},"excerpt":{"rendered":"<p>diariodominicano.com Santo Domingo, 13 dic (Prensa Latina) Un incendio de causas desconocidas consumi\u00f3 hoy el complejo tur\u00edstico Casa Bonita en Barahona, situado en el suroeste de la capital dominicana. Informes preliminares, citados por medios de prensa, indican que varias unidades del Cuerpo de Bomberos de ese territorio controlaron las llamas, pero a su paso consumieron [&hellip;]<\/p>\n","protected":false},"author":5,"featured_media":316318,"comment_status":"closed","ping_status":"","sticky":true,"template":"","format":"standard","meta":{"footnotes":""},"categories":[20,27],"tags":[],"class_list":["post-316317","post","type-post","status-publish","format-standard","has-post-thumbnail","hentry","category-dominicana-hoy","category-portada"],"_links":{"self":[{"href":"https:\/\/diariodominicano.com\/index.php?rest_route=\/wp\/v2\/posts\/316317","targetHints":{"allow":["GET"]}}],"collection":[{"href":"https:\/\/diariodominicano.com\/index.php?rest_route=\/wp\/v2\/posts"}],"about":[{"href":"https:\/\/diariodominicano.com\/index.php?rest_route=\/wp\/v2\/types\/post"}],"author":[{"embeddable":true,"href":"https:\/\/diariodominicano.com\/index.php?rest_route=\/wp\/v2\/users\/5"}],"replies":[{"embeddable":true,"href":"https:\/\/diariodominicano.com\/index.php?rest_route=%2Fwp%2Fv2%2Fcomments&post=316317"}],"version-history":[{"count":1,"href":"https:\/\/diariodominicano.com\/index.php?rest_route=\/wp\/v2\/posts\/316317\/revisions"}],"predecessor-version":[{"id":316319,"href":"https:\/\/diariodominicano.com\/index.php?rest_route=\/wp\/v2\/posts\/316317\/revisions\/316319"}],"wp:featuredmedia":[{"embeddable":true,"href":"https:\/\/diariodominicano.com\/index.php?rest_route=\/wp\/v2\/media\/316318"}],"wp:attachment":[{"href":"https:\/\/diariodominicano.com\/index.php?rest_route=%2Fwp%2Fv2%2Fmedia&parent=316317"}],"wp:term":[{"taxonomy":"category","embeddable":true,"href":"https:\/\/diariodominicano.com\/index.php?rest_route=%2Fwp%2Fv2%2Fcategories&post=316317"},{"taxonomy":"post_tag","embeddable":true,"href":"https:\/\/diariodominicano.com\/index.php?rest_route=%2Fwp%2Fv2%2Ftags&post=316317"}],"curies":[{"name":"wp","href":"https:\/\/api.w.org\/{rel}","templated":true}]}}