{"id":316311,"date":"2021-12-13T11:11:03","date_gmt":"2021-12-13T15:11:03","guid":{"rendered":"http:\/\/diariodominicano.com\/?p=316311"},"modified":"2021-12-13T12:38:46","modified_gmt":"2021-12-13T16:38:46","slug":"hoteleros-dicen-por-primera-vez-se-sienten-protegidos-y-sus-problemas-resueltos-diligentemente","status":"publish","type":"post","link":"https:\/\/diariodominicano.com\/?p=316311","title":{"rendered":"Hoteleros dicen por primera vez se sienten protegidos y sus problemas resueltos diligentemente"},"content":{"rendered":"\n<p>diariodominicano.com<\/p>\n\n\n\n<p>Punta Cana, La&nbsp;Altagracia, R. D.,  13 de diciembre, 2021.-&nbsp;El presidente Luis&nbsp;Abinader&nbsp;dijo este domingo que al recuperarse el turismo se ha recuperado plenamente la econom\u00eda dominicana.<\/p>\n\n\n\n<p>\u201cSin recuperar el turismo no se recupera la econom\u00eda dominicana\u201d, asegur\u00f3 el mandatario.<\/p>\n\n\n\n<p>El presidente&nbsp;Abinader&nbsp;vaticin\u00f3 que para fin de a\u00f1o el pa\u00eds estar\u00e1 en m\u00e1s de un 4% positivo en general&nbsp;respecto a&nbsp;la econom\u00eda en relaci\u00f3n&nbsp;con&nbsp;la \u00e9poca pre&nbsp;COVID .<\/p>\n\n\n\n<p>\u00abEstamos siendo&nbsp;referencia en el mundo en cuanto a la recuperaci\u00f3n de la econom\u00eda, as\u00ed como hemos sido referencia en cuanto a la recuperaci\u00f3n del COVID-19. La clave de todo esto se\u00f1ores, es que trabajemos juntos\u00bb, expres\u00f3 el mandatario.&nbsp;<\/p>\n\n\n\n<p>Estas declaraciones las ofreci\u00f3 el jefe de Estado al reunirse en Punta Cana con gerentes generales de cadenas hoteleras.&nbsp;<\/p>\n\n\n\n<p>De su lado, el&nbsp;ministro.de&nbsp;Turismo David Collado indic\u00f3 que actualmente las cosas marchan bien en la administraci\u00f3n p\u00fablica y que esto se debe a que hay una nueva generaci\u00f3n que act\u00faa diferente.&nbsp;<\/p>\n\n\n\n<p>Durante la reuni\u00f3n,&nbsp;algunos gerentes hoteleros sostuvieron que la recuperaci\u00f3n del turismo va bien y agradecieron al presidente&nbsp;Abinader&nbsp;por haber tenido la visi\u00f3n y darle la importancia que se merece al sector en estos momentos.&nbsp;<\/p>\n\n\n\n<p>Del mismo modo, dijeron sentirse agradecidos por las medidas que se han venido tomando, ya que entienden que por primera vez se han sentido protegidos y se han resuelto de manera diligente y eficiente los problemas\u00a0del turismo.<\/p>\n\n\n\n<p>Fuente: Direcci\u00f3n de Estrategia y Comunicaci\u00f3n Gubernamental<\/p>\n\n\n\n<p>Ministerio Administrativo de la Presidencia de la Rep\u00fablica Dominicana<\/p>\n","protected":false},"excerpt":{"rendered":"<p>diariodominicano.com Punta Cana, La&nbsp;Altagracia, R. D., 13 de diciembre, 2021.-&nbsp;El presidente Luis&nbsp;Abinader&nbsp;dijo este domingo que al recuperarse el turismo se ha recuperado plenamente la econom\u00eda dominicana. \u201cSin recuperar el turismo no se recupera la econom\u00eda dominicana\u201d, asegur\u00f3 el mandatario. El presidente&nbsp;Abinader&nbsp;vaticin\u00f3 que para fin de a\u00f1o el pa\u00eds estar\u00e1 en m\u00e1s de un 4% positivo [&hellip;]<\/p>\n","protected":false},"author":5,"featured_media":316312,"comment_status":"closed","ping_status":"","sticky":true,"template":"","format":"standard","meta":{"footnotes":""},"categories":[23,27],"tags":[],"class_list":["post-316311","post","type-post","status-publish","format-standard","has-post-thumbnail","hentry","category-internacional","category-portada"],"_links":{"self":[{"href":"https:\/\/diariodominicano.com\/index.php?rest_route=\/wp\/v2\/posts\/316311","targetHints":{"allow":["GET"]}}],"collection":[{"href":"https:\/\/diariodominicano.com\/index.php?rest_route=\/wp\/v2\/posts"}],"about":[{"href":"https:\/\/diariodominicano.com\/index.php?rest_route=\/wp\/v2\/types\/post"}],"author":[{"embeddable":true,"href":"https:\/\/diariodominicano.com\/index.php?rest_route=\/wp\/v2\/users\/5"}],"replies":[{"embeddable":true,"href":"https:\/\/diariodominicano.com\/index.php?rest_route=%2Fwp%2Fv2%2Fcomments&post=316311"}],"version-history":[{"count":2,"href":"https:\/\/diariodominicano.com\/index.php?rest_route=\/wp\/v2\/posts\/316311\/revisions"}],"predecessor-version":[{"id":316332,"href":"https:\/\/diariodominicano.com\/index.php?rest_route=\/wp\/v2\/posts\/316311\/revisions\/316332"}],"wp:featuredmedia":[{"embeddable":true,"href":"https:\/\/diariodominicano.com\/index.php?rest_route=\/wp\/v2\/media\/316312"}],"wp:attachment":[{"href":"https:\/\/diariodominicano.com\/index.php?rest_route=%2Fwp%2Fv2%2Fmedia&parent=316311"}],"wp:term":[{"taxonomy":"category","embeddable":true,"href":"https:\/\/diariodominicano.com\/index.php?rest_route=%2Fwp%2Fv2%2Fcategories&post=316311"},{"taxonomy":"post_tag","embeddable":true,"href":"https:\/\/diariodominicano.com\/index.php?rest_route=%2Fwp%2Fv2%2Ftags&post=316311"}],"curies":[{"name":"wp","href":"https:\/\/api.w.org\/{rel}","templated":true}]}}