{"id":316306,"date":"2021-12-13T10:58:40","date_gmt":"2021-12-13T14:58:40","guid":{"rendered":"http:\/\/diariodominicano.com\/?p=316306"},"modified":"2021-12-13T10:58:40","modified_gmt":"2021-12-13T14:58:40","slug":"lecciones-de-un-contrato-y-un-discurso","status":"publish","type":"post","link":"https:\/\/diariodominicano.com\/?p=316306","title":{"rendered":"\u00a1Lecciones de un contrato y un discurso"},"content":{"rendered":"\n<p>diariodominicano.com<\/p>\n\n\n\n<p>Por Franklin Almeyda Rancier<\/p>\n\n\n\n<p>Santo Domingo, R. D.,  13 de diciembre, 2021.-  El Presidente Abinader enmienda un error propio y de sus acompa\u00f1antes pol\u00edticos, cuando anuncia haber negociado la rescisi\u00f3n del costoso contrato que manten\u00eda en manos privadas el peaje de la autopista Nordeste de Santo Domingo-Saman\u00e1; ese contrato \u201csombra\u201d fue firmado en el 2000-2004 por el entonces presidente Hip\u00f3lito Mej\u00eda, de su propio partido PRM, y entonces PRD, y aprobado por el Congreso teniendo tambi\u00e9n la mayor\u00eda de senadores y diputados.<\/p>\n\n\n\n<p>Del contexto y las situaciones creadas se derivan lecciones pol\u00edticas aprendidas:<\/p>\n\n\n\n<p>1.- Cuando aquel gobierno y su Congreso aprobaron ese contrato para su aplicaci\u00f3n en el siguiente per\u00edodo de gobierno, se equivocaron porque cre\u00edan que pod\u00edan reelegir a Hipolito, no fue as\u00ed. La fuerte crisis econ\u00f3mica creada por un mal manejo de la econom\u00eda lo sacaron del Poder; en sustituci\u00f3n el pueblo eligi\u00f3 a Leonel Fern\u00e1ndez, quien tuvo que crear el ambiente de confianza y las pol\u00edticas econ\u00f3micas para superar aquel desastre econ\u00f3mico.<\/p>\n\n\n\n<p>Pero en el Congreso sus diputados y senadores segu\u00edan siendo mayoritarios hasta celebrarse elecciones dos a\u00f1os despu\u00e9s, en el 2006; recordemos que las elecciones presidenciales y al Congreso eran separadas (2004 y 2008). Es decir, a\u00fan dejando una crisis econ\u00f3mica de ingobernabilidad, reten\u00edan una parte importante del Poder.<\/p>\n\n\n\n<p>Como efecto de la recuperaci\u00f3n que iba teniendo el pa\u00eds, el pueblo di\u00f3 su&nbsp; apoyo dos a\u00f1os despu\u00e9s al entonces Presidente Fern\u00e1ndez, pas\u00e1ndole en ese 2006 la mayor\u00eda legislativa al partido gobernante. Recordemos que fue justamente en ese tiempo cuando empez\u00f3 a presentarse la crisis mundial de la burbuja econ\u00f3mica, que sacudi\u00f3 los mercados y sac\u00f3 del poder a muchos partidos gobernantes, incluyendo a los republicanos en EE.UU, d\u00e1ndole paso a los dem\u00f3cratas con Obama de presidente.<\/p>\n\n\n\n<p>Por tanto, Leonel arbitr\u00f3 dos crisis econ\u00f3micas sucesivas, una interna y otra mundial. Evidentemente, concentr\u00f3 esfuerzos en la recuperaci\u00f3n y crecimiento de la econom\u00eda y a la superaci\u00f3n de aberraciones y males sociales que afectaban al pueblo. Logr\u00f3 el crecimiento econ\u00f3mico del PIB, llamando favorablemente la atenci\u00f3n de organismos mundiales.<\/p>\n\n\n\n<p>Como se ve, ah\u00ed hay una primera lecci\u00f3n a ser aprendida de manejo y pol\u00edtica de Estado: Las crisis son oportunidades para avanzar, no para crear mayores crisis; la prudencia y la firmeza para salir adelante, no es permisividad ni complicidad, es control de la situaci\u00f3n. Y algo m\u00e1s, las crisis econ\u00f3micas sacan a los partidos del Poder.<\/p>\n\n\n\n<p>2.- Puede apreciarse tambi\u00e9n que todo tiene su momento.&nbsp; Recientemente Leonel le hizo ver a Abinader que la reforma fiscal no era el momento, a\u00fan siendo necesaria, por existir una crisis como la con la COVID-19 y sus consecuencias econ\u00f3micas; no fue un desacuerdo, sino el de tener un sentido de la oportunidad. En cambio, rescindir ese contrato era necesario, como necesaria es una reforma fiscal, pero todo tiene su tiempo. Falta por ver los t\u00e9rminos de ese acuerdo.<\/p>\n\n\n\n<p>3.- En otro sentido, una conducta \u00e9tica en un gobernante debe entenderse&nbsp; como el respeto al mandato otorgado al ser elegido y propiciar&nbsp;&nbsp; gobernabilidad democr\u00e1tica y pol\u00edticas p\u00fablicas para el bienestar social y econ\u00f3mico del pueblo. El Estado es una ficci\u00f3n jur\u00eddica para organizar instituciones y consolidar en un pueblo cohesi\u00f3n, arraigo, tradiciones,&nbsp; desarrollo humano y autodeterminaci\u00f3n.<\/p>\n\n\n\n<p>El manejo incoherente del Estado provoca revocaci\u00f3n electoral del mandato que confiere el pueblo.<\/p>\n","protected":false},"excerpt":{"rendered":"<p>diariodominicano.com Por Franklin Almeyda Rancier Santo Domingo, R. D., 13 de diciembre, 2021.- El Presidente Abinader enmienda un error propio y de sus acompa\u00f1antes pol\u00edticos, cuando anuncia haber negociado la rescisi\u00f3n del costoso contrato que manten\u00eda en manos privadas el peaje de la autopista Nordeste de Santo Domingo-Saman\u00e1; ese contrato \u201csombra\u201d fue firmado en el [&hellip;]<\/p>\n","protected":false},"author":5,"featured_media":0,"comment_status":"closed","ping_status":"","sticky":true,"template":"","format":"standard","meta":{"footnotes":""},"categories":[19,27],"tags":[],"class_list":["post-316306","post","type-post","status-publish","format-standard","hentry","category-mi-voz","category-portada"],"_links":{"self":[{"href":"https:\/\/diariodominicano.com\/index.php?rest_route=\/wp\/v2\/posts\/316306","targetHints":{"allow":["GET"]}}],"collection":[{"href":"https:\/\/diariodominicano.com\/index.php?rest_route=\/wp\/v2\/posts"}],"about":[{"href":"https:\/\/diariodominicano.com\/index.php?rest_route=\/wp\/v2\/types\/post"}],"author":[{"embeddable":true,"href":"https:\/\/diariodominicano.com\/index.php?rest_route=\/wp\/v2\/users\/5"}],"replies":[{"embeddable":true,"href":"https:\/\/diariodominicano.com\/index.php?rest_route=%2Fwp%2Fv2%2Fcomments&post=316306"}],"version-history":[{"count":1,"href":"https:\/\/diariodominicano.com\/index.php?rest_route=\/wp\/v2\/posts\/316306\/revisions"}],"predecessor-version":[{"id":316307,"href":"https:\/\/diariodominicano.com\/index.php?rest_route=\/wp\/v2\/posts\/316306\/revisions\/316307"}],"wp:attachment":[{"href":"https:\/\/diariodominicano.com\/index.php?rest_route=%2Fwp%2Fv2%2Fmedia&parent=316306"}],"wp:term":[{"taxonomy":"category","embeddable":true,"href":"https:\/\/diariodominicano.com\/index.php?rest_route=%2Fwp%2Fv2%2Fcategories&post=316306"},{"taxonomy":"post_tag","embeddable":true,"href":"https:\/\/diariodominicano.com\/index.php?rest_route=%2Fwp%2Fv2%2Ftags&post=316306"}],"curies":[{"name":"wp","href":"https:\/\/api.w.org\/{rel}","templated":true}]}}