{"id":316232,"date":"2021-12-13T00:33:34","date_gmt":"2021-12-13T04:33:34","guid":{"rendered":"http:\/\/diariodominicano.com\/?p=316232"},"modified":"2021-12-13T00:33:34","modified_gmt":"2021-12-13T04:33:34","slug":"fallece-alfred-deetjen-en-cabo-haitiano","status":"publish","type":"post","link":"https:\/\/diariodominicano.com\/?p=316232","title":{"rendered":"Fallece Alfred Deetjen en Cabo Haitiano"},"content":{"rendered":"\n<p><strong>CABO HAITIANO,&nbsp; el&nbsp; 13 de diciembre de 1895<\/strong>, falleci\u00f3 &nbsp;en Cabo Haitiano, Hait\u00ed, &nbsp;Alfred Deetjen, quien se destac\u00f3 como un defensor de la soberan\u00eda dominicana.<\/p>\n\n\n\n<p>Hab\u00eda nacido en Hait\u00ed, hijo de un matrimonio de holandeses que se radicaron en la vecina Rep\u00fablica. De &nbsp;joven se estableci\u00f3 en la ciudad de Santiago y se convirti\u00f3 en un luchador por la causa dominicana.<\/p>\n\n\n\n<p>&nbsp;&nbsp;&nbsp;&nbsp; &nbsp;&nbsp;&nbsp;&nbsp; Cuando la Rep\u00fablica Dominicana fue anexada a Espa\u00f1a en el a\u00f1o 1861, por disposici\u00f3n del Gobierno del Presidente Pedro Santana, se sum\u00f3 a la resistencia de los restauradores.<\/p>\n\n\n\n<p>&nbsp;&nbsp;&nbsp; &nbsp;&nbsp;&nbsp;&nbsp;&nbsp; Por su decisi\u00f3n, Alfred Deetjen fue hecho prisionero. Cuando comenz\u00f3 la guerra de la Restauraci\u00f3n el 16 de agosto de 1863, &nbsp;de inmediato se integr\u00f3 a las filas de los pr\u00f3ceres nacionales.<\/p>\n\n\n\n<p>&nbsp;&nbsp;&nbsp; &nbsp;&nbsp;&nbsp;&nbsp;&nbsp; Cuando se constituy\u00f3 el primer Gobierno Restaurador, &nbsp;Alfred Deetjen,&nbsp; fue nombrado &nbsp;miembro del equipo de ministros.<\/p>\n\n\n\n<p><strong>El historiador santiaguero Jos\u00e9 Ulises Franco afirma en su obra \u201cPerfiles y Cosas Dominicanas\u201d, que Alfred Deetjen se distingui\u00f3 en Santiago de los Caballeros como un comerciante honesto y un padre ejemplar.<\/strong><strong><\/strong><\/p>\n\n\n\n<p>&nbsp;&nbsp;&nbsp; &nbsp;&nbsp;&nbsp;&nbsp;&nbsp; Afirma que siempre estuvo listo para servir a la Rep\u00fablica Dominicana, porque fue un&nbsp; defensor de la soberan\u00eda nacional y la democracia. Anota que por sus m\u00e9ritos fue un hombre respetado en la isla.<\/p>\n\n\n\n<p>&nbsp;&nbsp;&nbsp;&nbsp; &nbsp;&nbsp;&nbsp;&nbsp; \u201cAlfred Deetjen luch\u00f3 con vigor y tes\u00f3n por la libertad y la estabilidad de los sagrados principios de la patria; luch\u00f3 como luchan los n\u00e1ufragos con las olas sin doblegarse por la tempetuosidad del torrente de la tiran\u00eda. Combati\u00f3 siempre las tendencias perversas que arrastran a su perdici\u00f3n a las santas instituciones de la Rep\u00fablica, sosteniendo sus ideas con toda la virilidad de su car\u00e1cter de \u00edntegro y patri\u00f3tico ciudadano, y con el resplandor de su prestigio irrefutable\u201d.<\/p>\n\n\n\n<p>&nbsp;&nbsp;&nbsp;&nbsp; &nbsp;&nbsp;&nbsp;&nbsp; Alfred Deetjen fue un militante del Partido Azul, liderado por el pr\u00f3cer Gregorio Luper\u00f3n.<\/p>\n\n\n\n<p>&nbsp;&nbsp;&nbsp; &nbsp;&nbsp;&nbsp;&nbsp;&nbsp; Al destacar las&nbsp; cualidades de Deetjen,&nbsp; Luper\u00f3n sostuvo que fue un hombre &nbsp;\u201cque jam\u00e1s ha conocido las acres satisfacciones de la venganza\u201d.<\/p>\n\n\n\n<p>&nbsp;&nbsp;&nbsp;&nbsp;&nbsp; &nbsp;&nbsp;&nbsp; Franco apunta que ni siquiera en la ancianidad se apart\u00f3 del coraz\u00f3n de Deetjen,&nbsp; el amor sin restricci\u00f3n a la patria, a las sagradas libertades, al esp\u00edritu del derecho y la justicia, al honor y al deber.<\/p>\n\n\n\n<p><\/p>\n","protected":false},"excerpt":{"rendered":"<p>CABO HAITIANO,&nbsp; el&nbsp; 13 de diciembre de 1895, falleci\u00f3 &nbsp;en Cabo Haitiano, Hait\u00ed, &nbsp;Alfred Deetjen, quien se destac\u00f3 como un defensor de la soberan\u00eda dominicana. Hab\u00eda nacido en Hait\u00ed, hijo de un matrimonio de holandeses que se radicaron en la vecina Rep\u00fablica. De &nbsp;joven se estableci\u00f3 en la ciudad de Santiago y se convirti\u00f3 en [&hellip;]<\/p>\n","protected":false},"author":2,"featured_media":316234,"comment_status":"closed","ping_status":"","sticky":true,"template":"","format":"standard","meta":{"footnotes":""},"categories":[26,27],"tags":[],"class_list":["post-316232","post","type-post","status-publish","format-standard","has-post-thumbnail","hentry","category-efemerides","category-portada"],"_links":{"self":[{"href":"https:\/\/diariodominicano.com\/index.php?rest_route=\/wp\/v2\/posts\/316232","targetHints":{"allow":["GET"]}}],"collection":[{"href":"https:\/\/diariodominicano.com\/index.php?rest_route=\/wp\/v2\/posts"}],"about":[{"href":"https:\/\/diariodominicano.com\/index.php?rest_route=\/wp\/v2\/types\/post"}],"author":[{"embeddable":true,"href":"https:\/\/diariodominicano.com\/index.php?rest_route=\/wp\/v2\/users\/2"}],"replies":[{"embeddable":true,"href":"https:\/\/diariodominicano.com\/index.php?rest_route=%2Fwp%2Fv2%2Fcomments&post=316232"}],"version-history":[{"count":1,"href":"https:\/\/diariodominicano.com\/index.php?rest_route=\/wp\/v2\/posts\/316232\/revisions"}],"predecessor-version":[{"id":316235,"href":"https:\/\/diariodominicano.com\/index.php?rest_route=\/wp\/v2\/posts\/316232\/revisions\/316235"}],"wp:featuredmedia":[{"embeddable":true,"href":"https:\/\/diariodominicano.com\/index.php?rest_route=\/wp\/v2\/media\/316234"}],"wp:attachment":[{"href":"https:\/\/diariodominicano.com\/index.php?rest_route=%2Fwp%2Fv2%2Fmedia&parent=316232"}],"wp:term":[{"taxonomy":"category","embeddable":true,"href":"https:\/\/diariodominicano.com\/index.php?rest_route=%2Fwp%2Fv2%2Fcategories&post=316232"},{"taxonomy":"post_tag","embeddable":true,"href":"https:\/\/diariodominicano.com\/index.php?rest_route=%2Fwp%2Fv2%2Ftags&post=316232"}],"curies":[{"name":"wp","href":"https:\/\/api.w.org\/{rel}","templated":true}]}}