{"id":316137,"date":"2021-12-12T20:42:58","date_gmt":"2021-12-13T00:42:58","guid":{"rendered":"http:\/\/diariodominicano.com\/?p=316137"},"modified":"2021-12-12T20:42:58","modified_gmt":"2021-12-13T00:42:58","slug":"presidente-abinader-inaugura-circunvalacion-veron-bavaro-con-una-inversion-de-500-millones-de-pesos","status":"publish","type":"post","link":"https:\/\/diariodominicano.com\/?p=316137","title":{"rendered":"Presidente Abinader inaugura circunvalaci\u00f3n Ver\u00f3n-B\u00e1varo con una inversi\u00f3n de 500 millones de pesos"},"content":{"rendered":"\n<p>diariodominicano.com<\/p>\n\n\n\n<p>Punta Cana, La\u00a0Altagracia, R. D.,  12 de diciembre, 2021.-\u00a0El presidente Luis\u00a0Abinader\u00a0y el ministro de Turismo, David Collado, inauguraron este domingo\u00a0la reconstrucci\u00f3n vial de la circunvalaci\u00f3n Ver\u00f3n-B\u00e1varo, obra que se realiz\u00f3 con una inversi\u00f3n de 500 millones de pesos.\u00a0<\/p>\n\n\n\n<p>Al pronunciar algunas palabras, el presidente&nbsp;Abinader manifest\u00f3 que esta obra posibilitar\u00e1 el desarrollo de toda la zona, ahorrar\u00e1 tiempo y dar\u00e1 mejor calidad de vida a visitantes y habitantes de Ver\u00f3n, as\u00ed como todas las \u00e1reas cercanas.&nbsp;Con esta nueva v\u00eda el turismo de B\u00e1varo y Punta Cana seguir\u00e1 creciendo, \u00abfacilitando empleos para que la gente se gane la vida dignamente\u00bb&nbsp;sostuvo.&nbsp;<\/p>\n\n\n\n<p>El mandatario asegur\u00f3 que en estos momentos el turismo va en total desarrollo y en la direcci\u00f3n correcta.&nbsp;<\/p>\n\n\n\n<p>De su lado, el ministro de Turismo, David Collado,&nbsp;destac\u00f3 durante su disertaci\u00f3n, la importancia de esta circunvalaci\u00f3n para el fortalecimiento del desarrollo del turismo en la provincia La Altagracia, zona que recibe la mayor\u00eda de los turistas que visitan Rep\u00fablica Dominicana.&nbsp;<\/p>\n\n\n\n<p>Agreg\u00f3 que&nbsp;esta obra es la mayor evidencia del esfuerzo que hace cada d\u00eda el presidente Luis&nbsp;Abinader, para garantizar la recuperaci\u00f3n total de la industria sin chimenea, la cual&nbsp;\u00bb genera m\u00e1s de 500 mil empleos directos\u00bb&nbsp;<\/p>\n\n\n\n<p>\u00abLa visi\u00f3n de este Gobierno es transparencia, ser efectivo, eficiente y llevar soluciones a los polos tur\u00edsticos para que realmente siga el desarrollo de infraestructuras\u00bb, indic\u00f3 Collado.&nbsp;<\/p>\n\n\n\n<p>\u201cEsta v\u00eda es una garant\u00eda para que haya una movilidad m\u00e1s fluida en esta zona y tiene un impacto directo entre sus residentes, porque para nosotros el turismo tiene un rostro humano\u201d, concluy\u00f3.&nbsp;<\/p>\n\n\n\n<p>La obra es un tramo vial con una longitud de 9.26 kil\u00f3metros, que va desde la zona de El Guateque en&nbsp;Ver\u00f3n,&nbsp; hasta&nbsp;el Boulevard del Este en B\u00e1varo, compuesta por&nbsp; dos tramos: el primero con una longitud de 1.76&nbsp;kil\u00f3metros, y dise\u00f1ado para una velocidad de 45&nbsp;km por&nbsp;hora. El&nbsp;segundo trayecto,&nbsp;de 7.48kil\u00f3metros,&nbsp;dispone&nbsp;de 4 carriles de 3.50&nbsp;metros&nbsp;cada uno, isleta central y dise\u00f1o de 60&nbsp;km por hora. Toda la carretera se encuentra,&nbsp;adem\u00e1s,&nbsp;se\u00f1alizada.&nbsp;<\/p>\n\n\n\n<p><strong>Reuni\u00f3n con gerentes de hoteles<\/strong>&nbsp;<\/p>\n\n\n\n<p>Durante la reuni\u00f3n del jefe de Estado con los gerentes generales de cadenas hoteleras, los llam\u00f3 a seguir trabajando juntos, en colaboraci\u00f3n y alianza para que de esta forma el pa\u00eds siga siendo un referente en la recuperaci\u00f3n del turismo.&nbsp;<\/p>\n\n\n\n<p>Consider\u00f3 que el futuro&nbsp;del turismo,&nbsp;a corto, mediano y largo plazo,&nbsp;no puede ser mejor,&nbsp;debido al trabajo constante y permanente que se realiza en la presente gesti\u00f3n de Gobierno.&nbsp;<\/p>\n\n\n\n<p>El gobernante precis\u00f3 que en cada uno de los polos tur\u00edsticos se hacen obras para mejorar tambi\u00e9n la calidad de las infraestructuras.&nbsp;<\/p>\n\n\n\n<p>\u00abLa clave de todo esto es que trabajemos juntos. La clave es que sigamos con la colaboraci\u00f3n, con la alianza p\u00fablico-privada. Yo creo que ustedes y nosotros estamos siendo referencia ante el mundo en cuanto a la recuperaci\u00f3n\u00bb, dijo el mandatario.&nbsp;<\/p>\n\n\n\n<p>En tanto, David Collado expres\u00f3 que el gobernante ha dado gran apoyo al \u00e1rea hotelera para de esta forma cuidar el sector y la marca pa\u00eds.&nbsp;<\/p>\n\n\n\n<p>Inform\u00f3 que a noviembre de 2021 el n\u00famero de los vuelos comerciales eran 4,222,&nbsp;al tiempo de se\u00f1alar que los meses de septiembre, octubre y noviembre han&nbsp;sido el mejor trimestre de la historia en el turismo del pa\u00eds.&nbsp;<\/p>\n\n\n\n<p>Algunos gerentes de hoteles,&nbsp;al intervenir en la reuni\u00f3n,destacaron el apoyo del mandatario al sector y expresaron lo satisfechos y motivados que est\u00e1n en cuanto al proceso de desarrollo y avance del turismo en el pa\u00eds.&nbsp;Igualmente, manifestaron que sus hoteles est\u00e1n en ocupaci\u00f3n entre un 82% y un 90%.&nbsp;<\/p>\n\n\n\n<p>El gobernante tambi\u00e9n&nbsp;particip\u00f3 en&nbsp;un almuerzo privado con el comit\u00e9 ejecutivo de la Asociaci\u00f3n Nacional de Hoteles y Restaurantes (ASONAHORES).&nbsp;<\/p>\n\n\n\n<p>Estuvieron presentes el director de la Polic\u00eda Nacional, Eduardo\u00a0Then; la gobernadora, Martina\u00a0Pep\u00e9n; el\u00a0senador, Virgilio Cedano; el\u00a0alcalde, Ram\u00f3n Antonio Ram\u00edrez; el director de POLITUR,\u00a0Minoru\u00a0Matsunaga,\u00a0y el director del INTRANT, Rafael Arias.<\/p>\n\n\n\n<p>Fuente: Direcci\u00f3n de Estrategia y Comunicaci\u00f3n Gubernamental<\/p>\n\n\n\n<p>Ministerio Administrativo de la Presidencia de la Rep\u00fablica Dominicana<\/p>\n","protected":false},"excerpt":{"rendered":"<p>diariodominicano.com Punta Cana, La\u00a0Altagracia, R. D., 12 de diciembre, 2021.-\u00a0El presidente Luis\u00a0Abinader\u00a0y el ministro de Turismo, David Collado, inauguraron este domingo\u00a0la reconstrucci\u00f3n vial de la circunvalaci\u00f3n Ver\u00f3n-B\u00e1varo, obra que se realiz\u00f3 con una inversi\u00f3n de 500 millones de pesos.\u00a0 Al pronunciar algunas palabras, el presidente&nbsp;Abinader manifest\u00f3 que esta obra posibilitar\u00e1 el desarrollo de toda la [&hellip;]<\/p>\n","protected":false},"author":5,"featured_media":316138,"comment_status":"closed","ping_status":"","sticky":true,"template":"","format":"standard","meta":{"footnotes":""},"categories":[20,27],"tags":[],"class_list":["post-316137","post","type-post","status-publish","format-standard","has-post-thumbnail","hentry","category-dominicana-hoy","category-portada"],"_links":{"self":[{"href":"https:\/\/diariodominicano.com\/index.php?rest_route=\/wp\/v2\/posts\/316137","targetHints":{"allow":["GET"]}}],"collection":[{"href":"https:\/\/diariodominicano.com\/index.php?rest_route=\/wp\/v2\/posts"}],"about":[{"href":"https:\/\/diariodominicano.com\/index.php?rest_route=\/wp\/v2\/types\/post"}],"author":[{"embeddable":true,"href":"https:\/\/diariodominicano.com\/index.php?rest_route=\/wp\/v2\/users\/5"}],"replies":[{"embeddable":true,"href":"https:\/\/diariodominicano.com\/index.php?rest_route=%2Fwp%2Fv2%2Fcomments&post=316137"}],"version-history":[{"count":1,"href":"https:\/\/diariodominicano.com\/index.php?rest_route=\/wp\/v2\/posts\/316137\/revisions"}],"predecessor-version":[{"id":316139,"href":"https:\/\/diariodominicano.com\/index.php?rest_route=\/wp\/v2\/posts\/316137\/revisions\/316139"}],"wp:featuredmedia":[{"embeddable":true,"href":"https:\/\/diariodominicano.com\/index.php?rest_route=\/wp\/v2\/media\/316138"}],"wp:attachment":[{"href":"https:\/\/diariodominicano.com\/index.php?rest_route=%2Fwp%2Fv2%2Fmedia&parent=316137"}],"wp:term":[{"taxonomy":"category","embeddable":true,"href":"https:\/\/diariodominicano.com\/index.php?rest_route=%2Fwp%2Fv2%2Fcategories&post=316137"},{"taxonomy":"post_tag","embeddable":true,"href":"https:\/\/diariodominicano.com\/index.php?rest_route=%2Fwp%2Fv2%2Ftags&post=316137"}],"curies":[{"name":"wp","href":"https:\/\/api.w.org\/{rel}","templated":true}]}}