{"id":316096,"date":"2021-12-12T19:14:57","date_gmt":"2021-12-12T23:14:57","guid":{"rendered":"http:\/\/diariodominicano.com\/?p=316096"},"modified":"2021-12-13T00:28:18","modified_gmt":"2021-12-13T04:28:18","slug":"cantante-mexicano-vicente-fernandez-muere-a-los-81-anos","status":"publish","type":"post","link":"https:\/\/diariodominicano.com\/?p=316096","title":{"rendered":"Cantante mexicano Vicente Fern\u00e1ndez muere a los 81 a\u00f1os"},"content":{"rendered":"\n<p>diariodominicano.com <\/p>\n\n\n\n<p>MEXICO, 12 dic (Xinhua) &#8212; El \u00eddolo de la m\u00fasica ranchera de M\u00e9xico, Vicente Fern\u00e1ndez, falleci\u00f3 este domingo a los 81 a\u00f1os en un hospital en su natal ciudad de Guadalajara, estado de Jalisco (oeste).<\/p>\n\n\n\n<p>&nbsp;&nbsp; La partida del \u00abRey\u00bb de la m\u00fasica ranchera coincidi\u00f3 con la celebraci\u00f3n en M\u00e9xico del d\u00eda de la Virgen de Guadalupe, de la cual era devoto el cantante.<\/p>\n\n\n\n<p>&nbsp;&nbsp; \u00abTransmito mi p\u00e9same a familiares, amigos y millones de admiradores de Vicente Fern\u00e1ndez, s\u00edmbolo de la canci\u00f3n ranchera de nuestro tiempo, conocido y reconocido en M\u00e9xico y en el extranjero\u00bb, escribi\u00f3 en su cuenta de Twitter el presidente de M\u00e9xico, Andr\u00e9s Manuel L\u00f3pez Obrador.<\/p>\n\n\n\n<p>&nbsp;&nbsp; De igual manera expresaron su p\u00e9same y por separado los ministros mexicanos de Relaciones Exteriores, Marcelo Ebrard; de Turismo, Miguel Torruco; de Energ\u00eda, Roc\u00edo Nahle y de Cultura, Alejandra Frausto, \u00e9sta \u00faltima quien en entrevista televisiva anunci\u00f3 que puso a disposici\u00f3n de la familia Fern\u00e1ndez Abarca el Palacio de Bellas Artes para rendir homenaje a Vicente Fern\u00e1ndez.<\/p>\n\n\n\n<p>&nbsp;&nbsp; El int\u00e9rprete de \u00abMujeres Divinas\u00bb se encontraba hospitalizado en Guadalajara desde agosto pasado, luego de que sufriera una ca\u00edda en su Rancho y tras ser sometido a una cirug\u00eda, aunque reportes m\u00e9dicos puntualizaron que falleci\u00f3 tras un empeoramiento de su condici\u00f3n pulmonar, luego de que el pasado 30 de noviembre comenz\u00f3 a tener inflamaci\u00f3n en sus v\u00edas respiratorias.<\/p>\n\n\n\n<figure class=\"wp-block-image size-large\"><img loading=\"lazy\" decoding=\"async\" width=\"1024\" height=\"526\" src=\"https:\/\/diariodominicano.com\/wp-content\/uploads\/2021\/12\/Vicente-Fernandez-1-1024x526.jpg\" alt=\"\" class=\"wp-image-316219\" srcset=\"https:\/\/diariodominicano.com\/wp-content\/uploads\/2021\/12\/Vicente-Fernandez-1-1024x526.jpg 1024w, https:\/\/diariodominicano.com\/wp-content\/uploads\/2021\/12\/Vicente-Fernandez-1-300x154.jpg 300w, https:\/\/diariodominicano.com\/wp-content\/uploads\/2021\/12\/Vicente-Fernandez-1-768x395.jpg 768w, https:\/\/diariodominicano.com\/wp-content\/uploads\/2021\/12\/Vicente-Fernandez-1-1536x789.jpg 1536w, https:\/\/diariodominicano.com\/wp-content\/uploads\/2021\/12\/Vicente-Fernandez-1-2048x1052.jpg 2048w, https:\/\/diariodominicano.com\/wp-content\/uploads\/2021\/12\/Vicente-Fernandez-1-816x419.jpg 816w\" sizes=\"auto, (max-width: 1024px) 100vw, 1024px\" \/><\/figure>\n\n\n\n<p>&nbsp;&nbsp; El cuerpo del cantante fue trasladado a una funeraria donde ser\u00eda preparado para llevarlo posteriormente a su morada \u00abEl Rancho Los Tres Potrillos\u00bb, donde descansar\u00e1 y lo despedir\u00e1n familiares, amigos y colegas.<\/p>\n\n\n\n<p>&nbsp;&nbsp; En tanto, afuera de su Rancho, fan\u00e1ticos cantan \u00e9xitos del artista y otros depositan al pie de la entrada flores y ofrendas.<\/p>\n\n\n\n<p>&nbsp;&nbsp; M\u00e1s de 70 millones de discos vendidos, alrededor de 25 pel\u00edculas y m\u00faltiples reconocimientos, entre ellos tres premios Grammy y una estrella en el Paseo de la Fama de Hollywood, logr\u00f3 Fern\u00e1ndez durante m\u00e1s de 60 a\u00f1os de trayectoria art\u00edstica.<\/p>\n\n\n\n<p>&nbsp;&nbsp; Vicente Fern\u00e1ndez ha tenido p\u00fablico de todas las edades y el artista supo adaptarse a las exigencias del mercado e incluso actualmente es de los artistas m\u00e1s escuchados en la plataforma digital Spotify, donde registra m\u00e1s de 5,6 millones de oyentes mensuales.<\/p>\n\n\n\n<p><a rel=\"noreferrer noopener\" href=\"https:\/\/www.xinhua-news.com\/gdsdetailxhs\/share\/10716918-?pageflag=iframe\" target=\"_blank\"><\/a><\/p>\n","protected":false},"excerpt":{"rendered":"<p>diariodominicano.com MEXICO, 12 dic (Xinhua) &#8212; El \u00eddolo de la m\u00fasica ranchera de M\u00e9xico, Vicente Fern\u00e1ndez, falleci\u00f3 este domingo a los 81 a\u00f1os en un hospital en su natal ciudad de Guadalajara, estado de Jalisco (oeste). &nbsp;&nbsp; La partida del \u00abRey\u00bb de la m\u00fasica ranchera coincidi\u00f3 con la celebraci\u00f3n en M\u00e9xico del d\u00eda de la [&hellip;]<\/p>\n","protected":false},"author":5,"featured_media":316220,"comment_status":"closed","ping_status":"","sticky":true,"template":"","format":"standard","meta":{"footnotes":""},"categories":[23,27],"tags":[],"class_list":["post-316096","post","type-post","status-publish","format-standard","has-post-thumbnail","hentry","category-internacional","category-portada"],"_links":{"self":[{"href":"https:\/\/diariodominicano.com\/index.php?rest_route=\/wp\/v2\/posts\/316096","targetHints":{"allow":["GET"]}}],"collection":[{"href":"https:\/\/diariodominicano.com\/index.php?rest_route=\/wp\/v2\/posts"}],"about":[{"href":"https:\/\/diariodominicano.com\/index.php?rest_route=\/wp\/v2\/types\/post"}],"author":[{"embeddable":true,"href":"https:\/\/diariodominicano.com\/index.php?rest_route=\/wp\/v2\/users\/5"}],"replies":[{"embeddable":true,"href":"https:\/\/diariodominicano.com\/index.php?rest_route=%2Fwp%2Fv2%2Fcomments&post=316096"}],"version-history":[{"count":3,"href":"https:\/\/diariodominicano.com\/index.php?rest_route=\/wp\/v2\/posts\/316096\/revisions"}],"predecessor-version":[{"id":316233,"href":"https:\/\/diariodominicano.com\/index.php?rest_route=\/wp\/v2\/posts\/316096\/revisions\/316233"}],"wp:featuredmedia":[{"embeddable":true,"href":"https:\/\/diariodominicano.com\/index.php?rest_route=\/wp\/v2\/media\/316220"}],"wp:attachment":[{"href":"https:\/\/diariodominicano.com\/index.php?rest_route=%2Fwp%2Fv2%2Fmedia&parent=316096"}],"wp:term":[{"taxonomy":"category","embeddable":true,"href":"https:\/\/diariodominicano.com\/index.php?rest_route=%2Fwp%2Fv2%2Fcategories&post=316096"},{"taxonomy":"post_tag","embeddable":true,"href":"https:\/\/diariodominicano.com\/index.php?rest_route=%2Fwp%2Fv2%2Ftags&post=316096"}],"curies":[{"name":"wp","href":"https:\/\/api.w.org\/{rel}","templated":true}]}}