{"id":316067,"date":"2021-12-12T18:55:31","date_gmt":"2021-12-12T22:55:31","guid":{"rendered":"http:\/\/diariodominicano.com\/?p=316067"},"modified":"2021-12-12T18:55:31","modified_gmt":"2021-12-12T22:55:31","slug":"un-policia-muerto-y-un-herido-deja-atentado-contra-unidad-policial-de-ecuador","status":"publish","type":"post","link":"https:\/\/diariodominicano.com\/?p=316067","title":{"rendered":"Un polic\u00eda muerto y un herido deja atentado contra unidad policial de Ecuador"},"content":{"rendered":"\n<p>diariodominicano.com<a rel=\"noreferrer noopener\" href=\"https:\/\/www.xinhua-news.com\/gdsdetailxhs\/share\/10717067-?pageflag=iframe\" target=\"_blank\"><\/a><\/p>\n\n\n\n<pre id=\"text-news-description\" class=\"wp-block-preformatted\">   QUITO, 12 dic (Xinhua) -- Un polic\u00eda muri\u00f3 y otro result\u00f3 herido tras un \"atentado criminal\" registrado hoy domingo contra una unidad policial en la provincia ecuatoriana de Esmeraldas (noroeste), fronteriza con Colombia, inform\u00f3 la Polic\u00eda.\n   \"La instituci\u00f3n rechaza contundentemente este y todos los hechos delictivos, y no descansar\u00e1 hasta dar con los responsables\", se\u00f1al\u00f3 la Polic\u00eda en un comunicado.\n   El uniformado, de 42 a\u00f1os, perdi\u00f3 la vida en medio de un atentado mientras prestaba su servicio en la Unidad de Polic\u00eda Comunitaria (UPC) localizada en el barrio La Guacharaca, en el sur de la ciudad de Esmeraldas, capital de la provincia del mismo nombre.\n   La Polic\u00eda detall\u00f3 que dos hombres no identificados llegaron al lugar fuertemente armados durante la madrugada de este domingo en un veh\u00edculo y realizaron detonaciones contra la UPC y la integridad de polic\u00edas, uno de los cuales falleci\u00f3 y otro result\u00f3 herido.\n   El agente herido fue llevado a una casa de salud para su valoraci\u00f3n m\u00e9dica y \"al momento se encuentra estable\", precis\u00f3 la Polic\u00eda.\n   M\u00e1s tarde, la instituci\u00f3n inform\u00f3 en su cuenta en la red social Twitter que detuvo a nueve personas, entre ellos, al presunto autor de la muerte del polic\u00eda en el atentado.\n   Las detenciones se produjeron tras la ejecuci\u00f3n de seis registros policiales en Esmeraldas, en los cuales se decomisaron adem\u00e1s una subametralladora, un rev\u00f3lver y m\u00e1s indicios.\n   Esmeraldas se encuentra desde el pasado 18 de octubre en estado de excepci\u00f3n, declarado por el presidente ecuatoriano, Guillermo Lasso, ante el aumento de la inseguridad y criminalidad vinculada al narcotr\u00e1fico.\n   En enero de 2018 se produjo otro atentado con coche bomba en las inmediaciones del cuartel policial de San Lorenzo, un cant\u00f3n fronterizo en Esmeraldas que dej\u00f3 23 personas heridas.\n   La explosi\u00f3n, que destruy\u00f3 la estructura del cuartel policial de San Lorenzo, fue atribuida a Walter Ar\u00edzala, alias \"Guacho\", l\u00edder del Frente Oliver Sinisterra, una fuerza disidente de las guerrillas de las Fuerzas Armadas Revolucionarias de Colombia.\n   Ar\u00edzala, quien muri\u00f3 en diciembre de 2018 abatido por las fuerzas militares colombianas, fue adem\u00e1s se\u00f1alado como responsable de la muerte de tres integrantes de un equipo period\u00edstico del diario \"El Comercio\" de Ecuador en abril del mismo a\u00f1o.<\/pre>\n","protected":false},"excerpt":{"rendered":"<p>diariodominicano.com QUITO, 12 dic (Xinhua) &#8212; Un polic\u00eda muri\u00f3 y otro result\u00f3 herido tras un \u00abatentado criminal\u00bb registrado hoy domingo contra una unidad policial en la provincia ecuatoriana de Esmeraldas (noroeste), fronteriza con Colombia, inform\u00f3 la Polic\u00eda. \u00abLa instituci\u00f3n rechaza contundentemente este y todos los hechos delictivos, y no descansar\u00e1 hasta dar con los responsables\u00bb, [&hellip;]<\/p>\n","protected":false},"author":5,"featured_media":316083,"comment_status":"closed","ping_status":"","sticky":true,"template":"","format":"standard","meta":{"footnotes":""},"categories":[23,27],"tags":[],"class_list":["post-316067","post","type-post","status-publish","format-standard","has-post-thumbnail","hentry","category-internacional","category-portada"],"_links":{"self":[{"href":"https:\/\/diariodominicano.com\/index.php?rest_route=\/wp\/v2\/posts\/316067","targetHints":{"allow":["GET"]}}],"collection":[{"href":"https:\/\/diariodominicano.com\/index.php?rest_route=\/wp\/v2\/posts"}],"about":[{"href":"https:\/\/diariodominicano.com\/index.php?rest_route=\/wp\/v2\/types\/post"}],"author":[{"embeddable":true,"href":"https:\/\/diariodominicano.com\/index.php?rest_route=\/wp\/v2\/users\/5"}],"replies":[{"embeddable":true,"href":"https:\/\/diariodominicano.com\/index.php?rest_route=%2Fwp%2Fv2%2Fcomments&post=316067"}],"version-history":[{"count":1,"href":"https:\/\/diariodominicano.com\/index.php?rest_route=\/wp\/v2\/posts\/316067\/revisions"}],"predecessor-version":[{"id":316084,"href":"https:\/\/diariodominicano.com\/index.php?rest_route=\/wp\/v2\/posts\/316067\/revisions\/316084"}],"wp:featuredmedia":[{"embeddable":true,"href":"https:\/\/diariodominicano.com\/index.php?rest_route=\/wp\/v2\/media\/316083"}],"wp:attachment":[{"href":"https:\/\/diariodominicano.com\/index.php?rest_route=%2Fwp%2Fv2%2Fmedia&parent=316067"}],"wp:term":[{"taxonomy":"category","embeddable":true,"href":"https:\/\/diariodominicano.com\/index.php?rest_route=%2Fwp%2Fv2%2Fcategories&post=316067"},{"taxonomy":"post_tag","embeddable":true,"href":"https:\/\/diariodominicano.com\/index.php?rest_route=%2Fwp%2Fv2%2Ftags&post=316067"}],"curies":[{"name":"wp","href":"https:\/\/api.w.org\/{rel}","templated":true}]}}