{"id":315844,"date":"2021-12-11T13:35:11","date_gmt":"2021-12-11T17:35:11","guid":{"rendered":"http:\/\/diariodominicano.com\/?p=315844"},"modified":"2021-12-11T13:35:11","modified_gmt":"2021-12-11T17:35:11","slug":"cumbre-alianza-para-el-desarrollo-en-democracia-destaca-en-dominicana","status":"publish","type":"post","link":"https:\/\/diariodominicano.com\/?p=315844","title":{"rendered":"Cumbre Alianza para el Desarrollo en Democracia destaca en Dominicana"},"content":{"rendered":"\n<p>diariodominicano.com<\/p>\n\n\n\n<p>Santo Domingo, 11 dic (Prensa Latina) La Cumbre en marcha entre Rep\u00fablica Dominicana, Panam\u00e1 y Costa Rica, que tiene como sede la ciudad Puerto Plata, provincia hom\u00f3nima, destaca en la semana que concluye hoy en este pa\u00eds.<\/p>\n\n\n\n<p>Desde la v\u00edspera, los presidentes Luis Abinader, Laurentino Cortizo y Carlos Alvarado, est\u00e1n centrados en abordar entre ellos temas de inter\u00e9s com\u00fan y prioritarios para la pol\u00edtica exterior de sus naciones, entre los cuales aparecen desarrollo sostenible, medio ambiente, comercio, migraci\u00f3n y seguridad.<\/p>\n\n\n\n<p>En la cena que dio inicio al encuentro, el jefe de Estado dominicano calific\u00f3 de exitosa la Alianza para el Desarrollo en Democracia (ADD) integrada por Dominicana, Panam\u00e1 y Costa Rica y augur\u00f3 muchos \u00e9xitos en el futuro.<\/p>\n\n\n\n<p>Asimismo, llam\u00f3 a sus hom\u00f3logos a trabajar juntos en beneficio de sus pa\u00edses para poder desarrollar negocios de manera coordinada que generen nuevas oportunidades pero sobre todo, nuevos empleos.<\/p>\n\n\n\n<p>\u201cYo s\u00e9 que de aqu\u00ed van a salir muchas cosas positivas y continuaremos reuni\u00e9ndonos para poder enfrentar juntos todos los problemas y poder desarrollar las enormes oportunidades\u201d, asegur\u00f3 el mandatario.<\/p>\n\n\n\n<p>Este s\u00e1bado contin\u00faa la reuni\u00f3n tripartita y es de esperar en horas de la tarde, la firma de una declaraci\u00f3n conjunta entre los presidentes y sean ofrecidas declaraciones a la prensa.<\/p>\n\n\n\n<p>La ADD Costa Rica-Panam\u00e1-Rep\u00fablica Dominicana, fue establecida por los jefes de Estado de esas naciones el pasado 22 de setiembre en el marco de la Asamblea General de las Naciones Unidas.<\/p>\n\n\n\n<p>Tras el primer encuentro en Nueva York, Abinader, Alvarado y Cortizo se reunieron en Ciudad de Panam\u00e1, ocasi\u00f3n en que adoptaron la Declaraci\u00f3n de la Alianza enfocada en tres ejes: di\u00e1logo pol\u00edtico, cooperaci\u00f3n y econom\u00eda.<\/p>\n\n\n\n<p>rgh\/ema<\/p>\n","protected":false},"excerpt":{"rendered":"<p>diariodominicano.com Santo Domingo, 11 dic (Prensa Latina) La Cumbre en marcha entre Rep\u00fablica Dominicana, Panam\u00e1 y Costa Rica, que tiene como sede la ciudad Puerto Plata, provincia hom\u00f3nima, destaca en la semana que concluye hoy en este pa\u00eds. Desde la v\u00edspera, los presidentes Luis Abinader, Laurentino Cortizo y Carlos Alvarado, est\u00e1n centrados en abordar entre [&hellip;]<\/p>\n","protected":false},"author":5,"featured_media":315845,"comment_status":"closed","ping_status":"","sticky":true,"template":"","format":"standard","meta":{"footnotes":""},"categories":[20,27],"tags":[],"class_list":["post-315844","post","type-post","status-publish","format-standard","has-post-thumbnail","hentry","category-dominicana-hoy","category-portada"],"_links":{"self":[{"href":"https:\/\/diariodominicano.com\/index.php?rest_route=\/wp\/v2\/posts\/315844","targetHints":{"allow":["GET"]}}],"collection":[{"href":"https:\/\/diariodominicano.com\/index.php?rest_route=\/wp\/v2\/posts"}],"about":[{"href":"https:\/\/diariodominicano.com\/index.php?rest_route=\/wp\/v2\/types\/post"}],"author":[{"embeddable":true,"href":"https:\/\/diariodominicano.com\/index.php?rest_route=\/wp\/v2\/users\/5"}],"replies":[{"embeddable":true,"href":"https:\/\/diariodominicano.com\/index.php?rest_route=%2Fwp%2Fv2%2Fcomments&post=315844"}],"version-history":[{"count":1,"href":"https:\/\/diariodominicano.com\/index.php?rest_route=\/wp\/v2\/posts\/315844\/revisions"}],"predecessor-version":[{"id":315846,"href":"https:\/\/diariodominicano.com\/index.php?rest_route=\/wp\/v2\/posts\/315844\/revisions\/315846"}],"wp:featuredmedia":[{"embeddable":true,"href":"https:\/\/diariodominicano.com\/index.php?rest_route=\/wp\/v2\/media\/315845"}],"wp:attachment":[{"href":"https:\/\/diariodominicano.com\/index.php?rest_route=%2Fwp%2Fv2%2Fmedia&parent=315844"}],"wp:term":[{"taxonomy":"category","embeddable":true,"href":"https:\/\/diariodominicano.com\/index.php?rest_route=%2Fwp%2Fv2%2Fcategories&post=315844"},{"taxonomy":"post_tag","embeddable":true,"href":"https:\/\/diariodominicano.com\/index.php?rest_route=%2Fwp%2Fv2%2Ftags&post=315844"}],"curies":[{"name":"wp","href":"https:\/\/api.w.org\/{rel}","templated":true}]}}