{"id":315809,"date":"2021-12-11T13:29:36","date_gmt":"2021-12-11T17:29:36","guid":{"rendered":"http:\/\/diariodominicano.com\/?p=315809"},"modified":"2021-12-11T13:29:36","modified_gmt":"2021-12-11T17:29:36","slug":"el-papa-francisco-advierte-de-peligros-para-la-vida-consagrada-y-anima-a-recordar-sus-raices","status":"publish","type":"post","link":"https:\/\/diariodominicano.com\/?p=315809","title":{"rendered":"El Papa Francisco advierte de peligros para la vida consagrada y anima a recordar sus ra\u00edces"},"content":{"rendered":"\n<p>diariodominicano.com<\/p>\n\n\n\n<p>POR\u00a0<a href=\"https:\/\/plus.google.com\/104933935775095500079\/?rel=author\">DAVID RAMOS<\/a>\u00a0| ACI Prensa<\/p>\n\n\n\n<p>Vaticano, 11 de diciembre, 2021.-  El Papa Francisco advirti\u00f3 este 11 de diciembre sobre los peligros y desaf\u00edos para la vida consagrada, al tiempo que record\u00f3 la importancia de recordar las \u201cra\u00edces\u201d, pues \u201cesto nos hace crecer\u201d.<\/p>\n\n\n\n<p>En una audiencia con los participantes de la Plenaria de la Congregaci\u00f3n para los Institutos de Vida Consagrada y las Sociedades de Vida Apost\u00f3lica, el Santo Padre subray\u00f3 que para la vida consagrada \u201ces decisivo\u201d el \u201ccentrarse en el don de Dios, en la gratuidad de su llamada, en la fuerza transformadora de su Palabra y de su Esp\u00edritu\u201d.<\/p>\n\n\n\n<p>El Papa subray\u00f3 la importancia de una \u201cmemoria \u2018deuteron\u00f3mica\u2019\u201d para que los consagrados miren \u201cel futuro con confianza\u201d.<\/p>\n\n\n\n<p>\u201c\u00bfPor qu\u00e9 digo memoria deuteron\u00f3mica? Porque es muy importante recordar. Ese mensaje de Deuteronomio: \u2018Recuerda Israel, recuerda\u2019. Ese recuerdo de la historia, de la propia historia, del propio instituto.<\/p>\n\n\n\n<p><\/p>\n","protected":false},"excerpt":{"rendered":"<p>diariodominicano.com POR\u00a0DAVID RAMOS\u00a0| ACI Prensa Vaticano, 11 de diciembre, 2021.- El Papa Francisco advirti\u00f3 este 11 de diciembre sobre los peligros y desaf\u00edos para la vida consagrada, al tiempo que record\u00f3 la importancia de recordar las \u201cra\u00edces\u201d, pues \u201cesto nos hace crecer\u201d. En una audiencia con los participantes de la Plenaria de la Congregaci\u00f3n para [&hellip;]<\/p>\n","protected":false},"author":5,"featured_media":275670,"comment_status":"closed","ping_status":"","sticky":true,"template":"","format":"standard","meta":{"footnotes":""},"categories":[23,27],"tags":[],"class_list":["post-315809","post","type-post","status-publish","format-standard","has-post-thumbnail","hentry","category-internacional","category-portada"],"_links":{"self":[{"href":"https:\/\/diariodominicano.com\/index.php?rest_route=\/wp\/v2\/posts\/315809","targetHints":{"allow":["GET"]}}],"collection":[{"href":"https:\/\/diariodominicano.com\/index.php?rest_route=\/wp\/v2\/posts"}],"about":[{"href":"https:\/\/diariodominicano.com\/index.php?rest_route=\/wp\/v2\/types\/post"}],"author":[{"embeddable":true,"href":"https:\/\/diariodominicano.com\/index.php?rest_route=\/wp\/v2\/users\/5"}],"replies":[{"embeddable":true,"href":"https:\/\/diariodominicano.com\/index.php?rest_route=%2Fwp%2Fv2%2Fcomments&post=315809"}],"version-history":[{"count":1,"href":"https:\/\/diariodominicano.com\/index.php?rest_route=\/wp\/v2\/posts\/315809\/revisions"}],"predecessor-version":[{"id":315843,"href":"https:\/\/diariodominicano.com\/index.php?rest_route=\/wp\/v2\/posts\/315809\/revisions\/315843"}],"wp:featuredmedia":[{"embeddable":true,"href":"https:\/\/diariodominicano.com\/index.php?rest_route=\/wp\/v2\/media\/275670"}],"wp:attachment":[{"href":"https:\/\/diariodominicano.com\/index.php?rest_route=%2Fwp%2Fv2%2Fmedia&parent=315809"}],"wp:term":[{"taxonomy":"category","embeddable":true,"href":"https:\/\/diariodominicano.com\/index.php?rest_route=%2Fwp%2Fv2%2Fcategories&post=315809"},{"taxonomy":"post_tag","embeddable":true,"href":"https:\/\/diariodominicano.com\/index.php?rest_route=%2Fwp%2Fv2%2Ftags&post=315809"}],"curies":[{"name":"wp","href":"https:\/\/api.w.org\/{rel}","templated":true}]}}