{"id":315796,"date":"2021-12-11T10:48:08","date_gmt":"2021-12-11T14:48:08","guid":{"rendered":"http:\/\/diariodominicano.com\/?p=315796"},"modified":"2021-12-11T10:51:05","modified_gmt":"2021-12-11T14:51:05","slug":"gabinete-social-deja-en-funcionamiento-cuatro-centros-de-oportunidad-14-24-en-maria-trinidad-sanchez-y-duarte","status":"publish","type":"post","link":"https:\/\/diariodominicano.com\/?p=315796","title":{"rendered":"Gabinete Social deja en funcionamiento cuatro centros de \u201cOportunidad 14-24\u201d en Mar\u00eda Trinidad S\u00e1nchez y Duarte"},"content":{"rendered":"\n<p>diariodominicano.com<\/p>\n\n\n\n<p>Nagua,  <strong>Mar\u00eda Trinidad S\u00e1nchez, R. D.,  11 de diciembre, 2021.-&nbsp;<\/strong>El coordinador del Gabinete de Pol\u00edtica Social, Tony Pe\u00f1a, revel\u00f3 este jueves que la instituci\u00f3n ha iniciado las operaciones de 24 centros de capacitaci\u00f3n t\u00e9cnico-profesional en distintos puntos del pa\u00eds, siendo los m\u00e1s recientes en las provincias Duarte y Mar\u00eda Trinidad S\u00e1nchez.<\/p>\n\n\n\n<p>Con estos cuatro nuevos centros del programa \u201cOportunidad 14-24\u201d, alrededor de 150 j\u00f3venes se beneficiar\u00e1n de capacitaciones en diferentes \u00e1reas t\u00e9cnico-profesionales que los preparar\u00e1n para insertarse al mercado laboral o el emprendedurismo de la mano de 24 instituciones que intervienen en esta iniciativa ejecutada por el Gabinete.<\/p>\n\n\n\n<p>Durante la inauguraci\u00f3n, Pe\u00f1a revel\u00f3 que el presupuesto para los Centros Tecnol\u00f3gicos Comunitarios (CTC), ser\u00eda duplicado con el fin de poder ampliar el impacto generado por el programa \u201cOportunidad 14-24\u201d en los j\u00f3venes en condiciones de vulnerabilidad social que se benefician del proyecto.<\/p>\n\n\n\n<p>\u201cEsta es una iniciativa \u00fanica en la regi\u00f3n de Am\u00e9rica Latina, con la que el Gobierno del presidente Luis Abinader, a trav\u00e9s del Gabinete de Pol\u00edtica Social, busca disminuir los \u00edndices de j\u00f3venes que ni trabajan ni estudian y del embarazo a temprana edad en el pa\u00eds.&nbsp;\u201cLa Rep\u00fablica Dominicana es una de las naciones con los porcentajes m\u00e1s altos en estos indicadores y se debe en gran parte a la falta de oportunidad que ten\u00eda los j\u00f3venes, pero ya eso no es una excusa\u201d, dijo Pe\u00f1a.<\/p>\n\n\n\n<p>Asimismo, Tony Pe\u00f1a&nbsp;llam\u00f3 a los integrantes del programa a no desaprovechar la oportunidad que se les est\u00e1 brindando y a comprometerse con su capacitaci\u00f3n para poder salir adelante.<\/p>\n\n\n\n<p>De su lado, el director ejecutivo del programa \u201cOportunidad 14-24\u201d, Federman Cruz, destac\u00f3 el impacto que ha tenido la iniciativa en cientos de j\u00f3venes de todo el pa\u00eds, al tiempo que asegur\u00f3 que para inicios del pr\u00f3ximo a\u00f1o se estar\u00eda presentando el primer grupo de egresados del programa totalmente capacitados a quienes tambi\u00e9n se les apoyar\u00e1 para insertarse en el mercado laboral o iniciar su propia empresa.<\/p>\n\n\n\n<p>\u201cLes exhortamos a ustedes que hoy inician esta nueva etapa de su vida a tomar en serio, a exigir al m\u00e1ximo de ustedes mismos, al programa y sus autoridades, para juntos lograr la meta de superar las vicisitudes que hoy les aquejan y que ma\u00f1ana puedan ustedes multiplicar este ejemplo sirviendo de modelos a seguir para las nuevas generaciones\u201d, dijo.<\/p>\n\n\n\n<p>Adem\u00e1s, Tony Pe\u00f1a&nbsp;revel\u00f3 que se ten\u00eda en carpeta ejecutar los trabajos de adecuaci\u00f3n de la Escuela Vocacional de Las Fuerzas Armadas y de la Polic\u00eda Nacional del municipio de Nagua, provincia Mar\u00eda Trinidad S\u00e1nchez, para ampliar el impacto del programa \u201cOportunidad 14-24\u201d en esa localidad.<\/p>\n\n\n\n<p>Isidro Torres, director de los CTC, llam\u00f3 a los j\u00f3venes participantes del programa \u201cOportunidad 14-24\u201d a utilizar responsablemente las instalaciones y herramientas facilitadas para estas capacitaciones y a la vez los felicit\u00f3 por dar el paso a una mejor calidad de vida. En la actividad tambi\u00e9n estuvo presente el alcalde de Nagua Alfredo (Junior) Peralta&nbsp;quien agradeci\u00f3 al presidente, Luis Abinader y a Tony Pe\u00f1a por tener tan presenta a esa localidad y tomarla en cuenta para los proyectos de desarrollo que se est\u00e1n ejecutando. Durante las inauguraciones estuvieron presentes autoridades locales, religiosas y civiles de las provincias Mar\u00eda Trinidad S\u00e1nchez y Duarte.<\/p>\n\n\n\n<p>Fuente: Direcci\u00f3n de Estrategia y Comunicaci\u00f3n Gubernamental<\/p>\n\n\n\n<p>Ministerio Administrativo de la Presidencia de la Rep\u00fablica Dominicana<\/p>\n","protected":false},"excerpt":{"rendered":"<p>diariodominicano.com Nagua, Mar\u00eda Trinidad S\u00e1nchez, R. D., 11 de diciembre, 2021.-&nbsp;El coordinador del Gabinete de Pol\u00edtica Social, Tony Pe\u00f1a, revel\u00f3 este jueves que la instituci\u00f3n ha iniciado las operaciones de 24 centros de capacitaci\u00f3n t\u00e9cnico-profesional en distintos puntos del pa\u00eds, siendo los m\u00e1s recientes en las provincias Duarte y Mar\u00eda Trinidad S\u00e1nchez. Con estos cuatro [&hellip;]<\/p>\n","protected":false},"author":5,"featured_media":315798,"comment_status":"closed","ping_status":"","sticky":true,"template":"","format":"standard","meta":{"footnotes":""},"categories":[20,27],"tags":[],"class_list":["post-315796","post","type-post","status-publish","format-standard","has-post-thumbnail","hentry","category-dominicana-hoy","category-portada"],"_links":{"self":[{"href":"https:\/\/diariodominicano.com\/index.php?rest_route=\/wp\/v2\/posts\/315796","targetHints":{"allow":["GET"]}}],"collection":[{"href":"https:\/\/diariodominicano.com\/index.php?rest_route=\/wp\/v2\/posts"}],"about":[{"href":"https:\/\/diariodominicano.com\/index.php?rest_route=\/wp\/v2\/types\/post"}],"author":[{"embeddable":true,"href":"https:\/\/diariodominicano.com\/index.php?rest_route=\/wp\/v2\/users\/5"}],"replies":[{"embeddable":true,"href":"https:\/\/diariodominicano.com\/index.php?rest_route=%2Fwp%2Fv2%2Fcomments&post=315796"}],"version-history":[{"count":2,"href":"https:\/\/diariodominicano.com\/index.php?rest_route=\/wp\/v2\/posts\/315796\/revisions"}],"predecessor-version":[{"id":315799,"href":"https:\/\/diariodominicano.com\/index.php?rest_route=\/wp\/v2\/posts\/315796\/revisions\/315799"}],"wp:featuredmedia":[{"embeddable":true,"href":"https:\/\/diariodominicano.com\/index.php?rest_route=\/wp\/v2\/media\/315798"}],"wp:attachment":[{"href":"https:\/\/diariodominicano.com\/index.php?rest_route=%2Fwp%2Fv2%2Fmedia&parent=315796"}],"wp:term":[{"taxonomy":"category","embeddable":true,"href":"https:\/\/diariodominicano.com\/index.php?rest_route=%2Fwp%2Fv2%2Fcategories&post=315796"},{"taxonomy":"post_tag","embeddable":true,"href":"https:\/\/diariodominicano.com\/index.php?rest_route=%2Fwp%2Fv2%2Ftags&post=315796"}],"curies":[{"name":"wp","href":"https:\/\/api.w.org\/{rel}","templated":true}]}}