{"id":315656,"date":"2021-12-10T21:06:58","date_gmt":"2021-12-11T01:06:58","guid":{"rendered":"http:\/\/diariodominicano.com\/?p=315656"},"modified":"2021-12-10T21:06:58","modified_gmt":"2021-12-11T01:06:58","slug":"suman-55-los-migrantes-muertos-tras-volcadura-de-trailer-en-mexico","status":"publish","type":"post","link":"https:\/\/diariodominicano.com\/?p=315656","title":{"rendered":"Suman 55 los migrantes muertos tras volcadura de tr\u00e1iler en M\u00e9xico"},"content":{"rendered":"\n<p>diariodominicano.com<a rel=\"noreferrer noopener\" href=\"https:\/\/www.xinhua-news.com\/gdsdetailxhs\/share\/10710865-?pageflag=iframe\" target=\"_blank\"><\/a><\/p>\n\n\n\n<pre id=\"text-news-description\" class=\"wp-block-preformatted\">   MEXICO, 10 dic (Xinhua) -- A 55 se elev\u00f3 el n\u00famero de migrantes fallecidos por la volcadura de un tr\u00e1iler en el que viajaban m\u00e1s de un centenar de indocumentados hacinados, inform\u00f3 hoy viernes el gobernador de Chiapas (sur), Rutilio Escand\u00f3n.\n   \"Tras el accidente de ayer (jueves), lamentablemente hoy falleci\u00f3 una persona m\u00e1s (suman 55 fallecidos). En conjunto con el gobierno federal, garantizamos a los lesionados y familias de los fallecidos que no est\u00e1n solos\", expuso el mandatario local en su cuenta de Twitter.\n   La coordinadora nacional de Protecci\u00f3n Civil, Laura Vel\u00e1zquez Alz\u00faa, quien acudi\u00f3 al lugar de los hechos, se\u00f1al\u00f3 a la prensa local que hasta el momento se tienen contabilizados 152 migrantes, de ellos 55 fallecidos, 73 lesionados y 24 ilesos.\n   El accidente, ocurrido en una carretera del sure\u00f1o estado de Chiapas ha conmocionado a diversos actores pol\u00edticos, religiosos, organismos internacionales y sociedad.\n   \"Nuestro dolor por estos hechos lamentables, tristes; y enviar un abrazo fraterno a los familiares de los que perdieron la vida en ese accidente. Eso es lo principal, duele mucho\", expuso esta ma\u00f1ana el presidente mexicano, Andr\u00e9s Manuel L\u00f3pez Obrador.\n   Desde la instalaci\u00f3n del 23 Batall\u00f3n de Infanter\u00eda en la capital del norte\u00f1o estado de Chihuahua, el mandatario explic\u00f3 que en este accidente se encuentra una menor de 16 a\u00f1os, y consider\u00f3 necesario resolver de fondo las causas de la migraci\u00f3n y as\u00ed evitar la inmigraci\u00f3n que pone en riesgo la vida de las personas.\n   El canciller mexicano, Marcelo Ebrard, inform\u00f3 en su cuenta de Twitter que esta representaci\u00f3n diplom\u00e1tica se mantiene en comunicaci\u00f3n con los gobiernos de Guatemala, Ecuador y otros pa\u00edses de donde eran muchos de los migrantes.\n   El tr\u00e1iler cargado con migrantes centroamericanos, en su mayor\u00eda de Guatemala, volc\u00f3 el jueves alrededor de las 15:30 hora local en la carretera que conduce de Tuxtla Guti\u00e9rrez a Chiapa de Corzo, seg\u00fan la Fiscal\u00eda General de Chiapas, quien abri\u00f3 una carpeta de investigaci\u00f3n para dar con los responsables de este hecho.<\/pre>\n","protected":false},"excerpt":{"rendered":"<p>diariodominicano.com MEXICO, 10 dic (Xinhua) &#8212; A 55 se elev\u00f3 el n\u00famero de migrantes fallecidos por la volcadura de un tr\u00e1iler en el que viajaban m\u00e1s de un centenar de indocumentados hacinados, inform\u00f3 hoy viernes el gobernador de Chiapas (sur), Rutilio Escand\u00f3n. \u00abTras el accidente de ayer (jueves), lamentablemente hoy falleci\u00f3 una persona m\u00e1s (suman [&hellip;]<\/p>\n","protected":false},"author":5,"featured_media":315657,"comment_status":"closed","ping_status":"","sticky":true,"template":"","format":"standard","meta":{"footnotes":""},"categories":[23,27],"tags":[],"class_list":["post-315656","post","type-post","status-publish","format-standard","has-post-thumbnail","hentry","category-internacional","category-portada"],"_links":{"self":[{"href":"https:\/\/diariodominicano.com\/index.php?rest_route=\/wp\/v2\/posts\/315656","targetHints":{"allow":["GET"]}}],"collection":[{"href":"https:\/\/diariodominicano.com\/index.php?rest_route=\/wp\/v2\/posts"}],"about":[{"href":"https:\/\/diariodominicano.com\/index.php?rest_route=\/wp\/v2\/types\/post"}],"author":[{"embeddable":true,"href":"https:\/\/diariodominicano.com\/index.php?rest_route=\/wp\/v2\/users\/5"}],"replies":[{"embeddable":true,"href":"https:\/\/diariodominicano.com\/index.php?rest_route=%2Fwp%2Fv2%2Fcomments&post=315656"}],"version-history":[{"count":1,"href":"https:\/\/diariodominicano.com\/index.php?rest_route=\/wp\/v2\/posts\/315656\/revisions"}],"predecessor-version":[{"id":315658,"href":"https:\/\/diariodominicano.com\/index.php?rest_route=\/wp\/v2\/posts\/315656\/revisions\/315658"}],"wp:featuredmedia":[{"embeddable":true,"href":"https:\/\/diariodominicano.com\/index.php?rest_route=\/wp\/v2\/media\/315657"}],"wp:attachment":[{"href":"https:\/\/diariodominicano.com\/index.php?rest_route=%2Fwp%2Fv2%2Fmedia&parent=315656"}],"wp:term":[{"taxonomy":"category","embeddable":true,"href":"https:\/\/diariodominicano.com\/index.php?rest_route=%2Fwp%2Fv2%2Fcategories&post=315656"},{"taxonomy":"post_tag","embeddable":true,"href":"https:\/\/diariodominicano.com\/index.php?rest_route=%2Fwp%2Fv2%2Ftags&post=315656"}],"curies":[{"name":"wp","href":"https:\/\/api.w.org\/{rel}","templated":true}]}}