{"id":315599,"date":"2021-12-10T18:52:29","date_gmt":"2021-12-10T22:52:29","guid":{"rendered":"http:\/\/diariodominicano.com\/?p=315599"},"modified":"2021-12-10T18:58:01","modified_gmt":"2021-12-10T22:58:01","slug":"circulo-deportivo-de-las-ff-aa-y-policia-nacional-conmemora-53-aniversario-de-su-fundacion","status":"publish","type":"post","link":"https:\/\/diariodominicano.com\/?p=315599","title":{"rendered":"C\u00edrculo Deportivo de las FF.AA. y Polic\u00eda Nacional conmemora 53 Aniversario de su fundaci\u00f3n"},"content":{"rendered":"\n<figure class=\"wp-block-table\"><table><tbody><tr><td><\/td><td><\/td><td><\/td><td><img decoding=\"async\" src=\"https:\/\/mail.google.com\/mail\/u\/1\/images\/cleardot.gif\" alt=\"\"><img decoding=\"async\" src=\"https:\/\/mail.google.com\/mail\/u\/1\/images\/cleardot.gif\" alt=\"\"><\/td><\/tr><tr><td><img decoding=\"async\" src=\"https:\/\/mail.google.com\/mail\/u\/1\/images\/cleardot.gif\" alt=\"\"><\/td><\/tr><\/tbody><\/table><\/figure>\n\n\n\n<p><strong>SANTO DOMINGO, RD, 10 de diciembre de 2021.- <\/strong> El C\u00edrculo Deportivo de las Fuerzas Armadas y la Polic\u00eda Nacional (CIDEFAPON) inici\u00f3 este viernes la conmemoraci\u00f3n del 53 Aniversario de su fundaci\u00f3n, con una eucarist\u00eda y el dep\u00f3sito de una ofrenda floral ante la estatua de los Padres de la Patria, ubicada en recinto militar General Ram\u00f3n Mat\u00edas Mella, sede del Ministerio de Defensa.<\/p>\n\n\n\n<figure class=\"wp-block-image size-large\"><img loading=\"lazy\" decoding=\"async\" width=\"1024\" height=\"682\" src=\"https:\/\/diariodominicano.com\/wp-content\/uploads\/2021\/12\/WhatsApp-Image-2021-12-10-at-3.46.22-PM-1-1024x682.jpeg\" alt=\"\" class=\"wp-image-315603\" srcset=\"https:\/\/diariodominicano.com\/wp-content\/uploads\/2021\/12\/WhatsApp-Image-2021-12-10-at-3.46.22-PM-1-1024x682.jpeg 1024w, https:\/\/diariodominicano.com\/wp-content\/uploads\/2021\/12\/WhatsApp-Image-2021-12-10-at-3.46.22-PM-1-300x200.jpeg 300w, https:\/\/diariodominicano.com\/wp-content\/uploads\/2021\/12\/WhatsApp-Image-2021-12-10-at-3.46.22-PM-1-768x512.jpeg 768w, https:\/\/diariodominicano.com\/wp-content\/uploads\/2021\/12\/WhatsApp-Image-2021-12-10-at-3.46.22-PM-1-816x544.jpeg 816w, https:\/\/diariodominicano.com\/wp-content\/uploads\/2021\/12\/WhatsApp-Image-2021-12-10-at-3.46.22-PM-1.jpeg 1280w\" sizes=\"auto, (max-width: 1024px) 100vw, 1024px\" \/><\/figure>\n\n\n\n<p><\/p>\n\n\n\n<p>La homil\u00eda, oficiada por el padre Capit\u00e1n de Nav\u00edo Geraldo De \u00d3leo, ARD., cont\u00f3 con la presencia del Viceministro de Asuntos Militares, Mayor General V\u00edctor A. Mercedes Cepeda, ERD., quien en representaci\u00f3n del Teniente General Carlos Luciano D\u00edaz Morfa., ERD, Ministro de Defensa, la encabez\u00f3 junto al presidente del C\u00edrculo Deportivo de las FF.AA. y la P.N., Mayor General Piloto Elvis Marcelino Feliz P\u00e9rez., FARD.<br>Como invitados especiales, estuvieron presentes el presidente del Comit\u00e9 Ol\u00edmpico Dominicano, Antonio Acosta, los ex Presidentes del CIDEFAPON, el Vicealmirante \u00ae H\u00e9ctor Lizardo Jorge., ERD, el General de Brigada Piloto Rafael Alegr\u00eda Arias., FARD y una comisi\u00f3n de Oficiales del Estado Mayor General y del Estado Mayor Conjunto de las FF.AA.<\/p>\n\n\n\n<figure class=\"wp-block-image size-large\"><img loading=\"lazy\" decoding=\"async\" width=\"1024\" height=\"682\" src=\"https:\/\/diariodominicano.com\/wp-content\/uploads\/2021\/12\/WhatsApp-Image-2021-12-10-at-3.46.21-PM-2-1024x682.jpeg\" alt=\"\" class=\"wp-image-315604\" srcset=\"https:\/\/diariodominicano.com\/wp-content\/uploads\/2021\/12\/WhatsApp-Image-2021-12-10-at-3.46.21-PM-2-1024x682.jpeg 1024w, https:\/\/diariodominicano.com\/wp-content\/uploads\/2021\/12\/WhatsApp-Image-2021-12-10-at-3.46.21-PM-2-300x200.jpeg 300w, https:\/\/diariodominicano.com\/wp-content\/uploads\/2021\/12\/WhatsApp-Image-2021-12-10-at-3.46.21-PM-2-768x512.jpeg 768w, https:\/\/diariodominicano.com\/wp-content\/uploads\/2021\/12\/WhatsApp-Image-2021-12-10-at-3.46.21-PM-2-816x544.jpeg 816w, https:\/\/diariodominicano.com\/wp-content\/uploads\/2021\/12\/WhatsApp-Image-2021-12-10-at-3.46.21-PM-2.jpeg 1280w\" sizes=\"auto, (max-width: 1024px) 100vw, 1024px\" \/><\/figure>\n\n\n\n<p><br>Durante la misa se hizo menci\u00f3n especial a los atletas y dirigentes de la entidad fallecidos, entre ellos el General de Brigada Kalil Hach\u00e9 Malkum, ERD. Al respecto, el Mayor General Feliz P\u00e9rez, dijo sentir \u00aborgullo por el apoyo que ha recibido el CIDEFAPON de la mano de las Fuerzas Armadas, por todos los buenos momentos que ha tenido el deporte nacional, donde han sido protagonistas los atletas militares egresados de las filas castrenses\u201d.<br>En el marco de la misa, fue le\u00edda la carta de felicitaci\u00f3n del Ministro de Defensa, en la cual expresa \u00absentirse altamente honrado al extenderle un c\u00e1lido mensaje, de congratulaci\u00f3n a los directivos del C\u00edrculo Deportivo de las Fuerzas Armadas y de la Polic\u00eda Nacional, y de manera particular a todos los atletas militares que direccionados por ese organismo, han contribuido al incremento de los deportes en el seno de nuestros cuerpos castrenses.<\/p>\n\n\n\n<figure class=\"wp-block-image size-large\"><img loading=\"lazy\" decoding=\"async\" width=\"1024\" height=\"682\" src=\"https:\/\/diariodominicano.com\/wp-content\/uploads\/2021\/12\/WhatsApp-Image-2021-12-10-at-3.46.22-PM-1024x682.jpeg\" alt=\"\" class=\"wp-image-315605\" srcset=\"https:\/\/diariodominicano.com\/wp-content\/uploads\/2021\/12\/WhatsApp-Image-2021-12-10-at-3.46.22-PM-1024x682.jpeg 1024w, https:\/\/diariodominicano.com\/wp-content\/uploads\/2021\/12\/WhatsApp-Image-2021-12-10-at-3.46.22-PM-300x200.jpeg 300w, https:\/\/diariodominicano.com\/wp-content\/uploads\/2021\/12\/WhatsApp-Image-2021-12-10-at-3.46.22-PM-768x512.jpeg 768w, https:\/\/diariodominicano.com\/wp-content\/uploads\/2021\/12\/WhatsApp-Image-2021-12-10-at-3.46.22-PM-816x544.jpeg 816w, https:\/\/diariodominicano.com\/wp-content\/uploads\/2021\/12\/WhatsApp-Image-2021-12-10-at-3.46.22-PM.jpeg 1280w\" sizes=\"auto, (max-width: 1024px) 100vw, 1024px\" \/><\/figure>\n\n\n\n<p><br>\u201cLa existencia de esa instituci\u00f3n durante estos cincuenta y tres a\u00f1os, ha constituido un referente para el desarrollo integral de nuestros miembros, con un notable impacto en la sociedad, entre cuyos logros se encuentran el haberle aportado al pa\u00eds, millares de medallas y t\u00edtulos en competencias ol\u00edmpicas internacionales, as\u00ed como en cert\u00e1menes deportivos nacionales\u201d, refiere la carta.<\/p>\n\n\n\n<figure class=\"wp-block-image size-large\"><img loading=\"lazy\" decoding=\"async\" width=\"1024\" height=\"682\" src=\"https:\/\/diariodominicano.com\/wp-content\/uploads\/2021\/12\/WhatsApp-Image-2021-12-10-at-3.46.22-PM-2-1024x682.jpeg\" alt=\"\" class=\"wp-image-315606\" srcset=\"https:\/\/diariodominicano.com\/wp-content\/uploads\/2021\/12\/WhatsApp-Image-2021-12-10-at-3.46.22-PM-2-1024x682.jpeg 1024w, https:\/\/diariodominicano.com\/wp-content\/uploads\/2021\/12\/WhatsApp-Image-2021-12-10-at-3.46.22-PM-2-300x200.jpeg 300w, https:\/\/diariodominicano.com\/wp-content\/uploads\/2021\/12\/WhatsApp-Image-2021-12-10-at-3.46.22-PM-2-768x512.jpeg 768w, https:\/\/diariodominicano.com\/wp-content\/uploads\/2021\/12\/WhatsApp-Image-2021-12-10-at-3.46.22-PM-2-816x544.jpeg 816w, https:\/\/diariodominicano.com\/wp-content\/uploads\/2021\/12\/WhatsApp-Image-2021-12-10-at-3.46.22-PM-2.jpeg 1280w\" sizes=\"auto, (max-width: 1024px) 100vw, 1024px\" \/><\/figure>\n\n\n\n<p>Prensa Mide<a target=\"_blank\" href=\"mailto:prensaj5mide@gmail.com\" rel=\"noreferrer noopener\">prensaj5mide@gmail.com<\/a><\/p>\n\n\n\n<p><strong><em>Departamento de Prensa<\/em><\/strong><\/p>\n\n\n\n<p><em><strong>Direcci\u00f3n de Asuntos Civiles del Estado Mayor Conjunto, J5<\/strong><\/em><\/p>\n\n\n\n<p><em><strong>Ministerio de Defensa de Rep\u00fablica Dominicana<\/strong><\/em><\/p>\n","protected":false},"excerpt":{"rendered":"<p>SANTO DOMINGO, RD, 10 de diciembre de 2021.- El C\u00edrculo Deportivo de las Fuerzas Armadas y la Polic\u00eda Nacional (CIDEFAPON) inici\u00f3 este viernes la conmemoraci\u00f3n del 53 Aniversario de su fundaci\u00f3n, con una eucarist\u00eda y el dep\u00f3sito de una ofrenda floral ante la estatua de los Padres de la Patria, ubicada en recinto militar General [&hellip;]<\/p>\n","protected":false},"author":28,"featured_media":315600,"comment_status":"closed","ping_status":"","sticky":true,"template":"","format":"standard","meta":{"footnotes":""},"categories":[17,27],"tags":[],"class_list":["post-315599","post","type-post","status-publish","format-standard","has-post-thumbnail","hentry","category-deportes","category-portada"],"_links":{"self":[{"href":"https:\/\/diariodominicano.com\/index.php?rest_route=\/wp\/v2\/posts\/315599","targetHints":{"allow":["GET"]}}],"collection":[{"href":"https:\/\/diariodominicano.com\/index.php?rest_route=\/wp\/v2\/posts"}],"about":[{"href":"https:\/\/diariodominicano.com\/index.php?rest_route=\/wp\/v2\/types\/post"}],"author":[{"embeddable":true,"href":"https:\/\/diariodominicano.com\/index.php?rest_route=\/wp\/v2\/users\/28"}],"replies":[{"embeddable":true,"href":"https:\/\/diariodominicano.com\/index.php?rest_route=%2Fwp%2Fv2%2Fcomments&post=315599"}],"version-history":[{"count":4,"href":"https:\/\/diariodominicano.com\/index.php?rest_route=\/wp\/v2\/posts\/315599\/revisions"}],"predecessor-version":[{"id":315608,"href":"https:\/\/diariodominicano.com\/index.php?rest_route=\/wp\/v2\/posts\/315599\/revisions\/315608"}],"wp:featuredmedia":[{"embeddable":true,"href":"https:\/\/diariodominicano.com\/index.php?rest_route=\/wp\/v2\/media\/315600"}],"wp:attachment":[{"href":"https:\/\/diariodominicano.com\/index.php?rest_route=%2Fwp%2Fv2%2Fmedia&parent=315599"}],"wp:term":[{"taxonomy":"category","embeddable":true,"href":"https:\/\/diariodominicano.com\/index.php?rest_route=%2Fwp%2Fv2%2Fcategories&post=315599"},{"taxonomy":"post_tag","embeddable":true,"href":"https:\/\/diariodominicano.com\/index.php?rest_route=%2Fwp%2Fv2%2Ftags&post=315599"}],"curies":[{"name":"wp","href":"https:\/\/api.w.org\/{rel}","templated":true}]}}