{"id":315573,"date":"2021-12-10T11:30:49","date_gmt":"2021-12-10T15:30:49","guid":{"rendered":"http:\/\/diariodominicano.com\/?p=315573"},"modified":"2021-12-10T11:30:49","modified_gmt":"2021-12-10T15:30:49","slug":"fe-y-alegria-dominicana-celebra-30-anos-en-republica-dominicana-transformando-vidas-y-comunidades","status":"publish","type":"post","link":"https:\/\/diariodominicano.com\/?p=315573","title":{"rendered":"Fe y Alegr\u00eda Dominicana celebra 30 a\u00f1os en Rep\u00fablica Dominicana transformando vidas y comunidades"},"content":{"rendered":"\n<p>diariodominicano.com<\/p>\n\n\n\n<p>Santo Domingo, R. D.,  10 de diciembre, 2021.-  Fe y Alegr\u00eda Dominicana, fundaci\u00f3n que gestiona una red de 65 centros de educaci\u00f3n p\u00fablica en todo el pa\u00eds, realiz\u00f3 una misa de acci\u00f3n de gracias por la celebraci\u00f3n de sus m\u00e1s de 30 a\u00f1os de misi\u00f3n educativa en Rep\u00fablica Dominicana. La misma estuvo encabezada por Monse\u00f1or Francisco Ozoria, Arzobispo Metropolitano de Santo Domingo, el P. Martin Lenk, SJ Provincial de las Antillas de la Compa\u00f1\u00eda de Jes\u00fas y el P. Jos\u00e9 Ram\u00f3n L\u00f3pez, SJ, Director Nacional de Fe y Alegr\u00eda en el pa\u00eds.\u00a0<\/p>\n\n\n\n<p>&nbsp;\u201cPara nosotros, celebrar hoy 30 a\u00f1os de misi\u00f3n educativa en el pa\u00eds, se constituye en un sue\u00f1o hecho realidad, un sue\u00f1o que naci\u00f3 en el coraz\u00f3n del padre Jos\u00e9 Mar\u00eda V\u00e9laz, SJ, hace m\u00e1s de seis d\u00e9cadas en Venezuela y que extendi\u00f3 sus ramas hasta llegar a nuestro pa\u00eds hace 30 a\u00f1os. Un sue\u00f1o que inici\u00f3 con unos cuatro centros y que hoy es una familia de 65 escuelas p\u00fablicas que ha impactado a m\u00e1s de 100 mil estudiantes\u201d afirm\u00f3 el Padre Jos\u00e9 L\u00f3pez.<\/p>\n\n\n\n<div class=\"wp-block-image\"><figure class=\"alignleft size-large is-resized\"><img decoding=\"async\" src=\"https:\/\/diariodominicano.com\/wp-content\/uploads\/2021\/12\/FeYAlegria-Misa30anos10-12-21-1024x683.jpg\" alt=\"\" class=\"wp-image-315576\" width=\"-221\" height=\"-147\" srcset=\"https:\/\/diariodominicano.com\/wp-content\/uploads\/2021\/12\/FeYAlegria-Misa30anos10-12-21-1024x683.jpg 1024w, https:\/\/diariodominicano.com\/wp-content\/uploads\/2021\/12\/FeYAlegria-Misa30anos10-12-21-300x200.jpg 300w, https:\/\/diariodominicano.com\/wp-content\/uploads\/2021\/12\/FeYAlegria-Misa30anos10-12-21-768x512.jpg 768w, https:\/\/diariodominicano.com\/wp-content\/uploads\/2021\/12\/FeYAlegria-Misa30anos10-12-21-1536x1025.jpg 1536w, https:\/\/diariodominicano.com\/wp-content\/uploads\/2021\/12\/FeYAlegria-Misa30anos10-12-21-816x544.jpg 816w, https:\/\/diariodominicano.com\/wp-content\/uploads\/2021\/12\/FeYAlegria-Misa30anos10-12-21.jpg 2048w\" sizes=\"(max-width: 1024px) 100vw, 1024px\" \/><\/figure><\/div>\n\n\n\n<p>Fe y Alegr\u00eda, gestiona unas 35 escuelas de nivel inicial y primario, 30 de nivel secundario y 21 polit\u00e9cnicos. Ha impactado a m\u00e1s de 100 mil estudiantes a lo largo de su historia sirviendo como modelo de gesti\u00f3n educativa y de formaci\u00f3n en valores, gracias a una din\u00e1mica de b\u00fasqueda permanente de respuestas a necesidades humanas insertados en sectores populares y marginados, asumiendo que la educaci\u00f3n debe transformar la realidad de todas las dimensiones de la persona, por ellos desarrolla programas que apuestan a la calidad educativa, formaci\u00f3n en valores y la transformaci\u00f3n social de las comunidades en las que se encuentra.&nbsp;<\/p>\n\n\n\n<p>\u201cNuestra misi\u00f3n es cumplir con el sue\u00f1o del padre Jos\u00e9 Mar\u00eda V\u00e9laz, SJ, de que los pobres no tengan una pobre educaci\u00f3n y estar donde m\u00e1s se necesita, justo ah\u00ed donde termina el asfalto\u201d, a\u00f1adi\u00f3 el Padre Jos\u00e9 L\u00f3pez.&nbsp;<\/p>\n\n\n\n<p>La Asociaci\u00f3n aporta un valor agregado a la educaci\u00f3n convencional, gracias a iniciativas y herramientas novedosas de formaci\u00f3n, un modelo de gesti\u00f3n basado en redes, desarrollo de programas e iniciativas que trabajan temas como liderazgo juvenil, acompa\u00f1amiento psico-emocional, atenci\u00f3n de calidad a la primera infancia, equidad e inclusi\u00f3n, prevenci\u00f3n de abuso y maltrato en todas sus formas, formaci\u00f3n docente, entre otros temas.&nbsp;&nbsp;<\/p>\n\n\n\n<p>Fe y Alegr\u00eda es un Movimiento Internacional de Educaci\u00f3n Popular Integral y Promoci\u00f3n Social, que se dedica a ofrecer educaci\u00f3n p\u00fablica, gratuita y de calidad a ni\u00f1os, ni\u00f1as y j\u00f3venes de \u00e1reas urbano-marginales y rurales, contribuyendo al desarrollo social y humano de las comunidades en sectores empobrecidos y excluidos de la sociedad, para potenciar su desarrollo personal y participaci\u00f3n social. Sus valores est\u00e1n basados en la justicia, libertad, participaci\u00f3n, fraternidad, respeto a la diversidad y solidaridad.<\/p>\n\n\n\n<figure class=\"wp-block-table\"><table><tbody><tr><td>Fuente:   <strong>Relaciones Publicas Fe y Alegr\u00eda RD<\/strong><\/td><\/tr><\/tbody><\/table><\/figure>\n","protected":false},"excerpt":{"rendered":"<p>diariodominicano.com Santo Domingo, R. D., 10 de diciembre, 2021.- Fe y Alegr\u00eda Dominicana, fundaci\u00f3n que gestiona una red de 65 centros de educaci\u00f3n p\u00fablica en todo el pa\u00eds, realiz\u00f3 una misa de acci\u00f3n de gracias por la celebraci\u00f3n de sus m\u00e1s de 30 a\u00f1os de misi\u00f3n educativa en Rep\u00fablica Dominicana. La misma estuvo encabezada por [&hellip;]<\/p>\n","protected":false},"author":5,"featured_media":315574,"comment_status":"closed","ping_status":"","sticky":true,"template":"","format":"standard","meta":{"footnotes":""},"categories":[20,27],"tags":[],"class_list":["post-315573","post","type-post","status-publish","format-standard","has-post-thumbnail","hentry","category-dominicana-hoy","category-portada"],"_links":{"self":[{"href":"https:\/\/diariodominicano.com\/index.php?rest_route=\/wp\/v2\/posts\/315573","targetHints":{"allow":["GET"]}}],"collection":[{"href":"https:\/\/diariodominicano.com\/index.php?rest_route=\/wp\/v2\/posts"}],"about":[{"href":"https:\/\/diariodominicano.com\/index.php?rest_route=\/wp\/v2\/types\/post"}],"author":[{"embeddable":true,"href":"https:\/\/diariodominicano.com\/index.php?rest_route=\/wp\/v2\/users\/5"}],"replies":[{"embeddable":true,"href":"https:\/\/diariodominicano.com\/index.php?rest_route=%2Fwp%2Fv2%2Fcomments&post=315573"}],"version-history":[{"count":1,"href":"https:\/\/diariodominicano.com\/index.php?rest_route=\/wp\/v2\/posts\/315573\/revisions"}],"predecessor-version":[{"id":315577,"href":"https:\/\/diariodominicano.com\/index.php?rest_route=\/wp\/v2\/posts\/315573\/revisions\/315577"}],"wp:featuredmedia":[{"embeddable":true,"href":"https:\/\/diariodominicano.com\/index.php?rest_route=\/wp\/v2\/media\/315574"}],"wp:attachment":[{"href":"https:\/\/diariodominicano.com\/index.php?rest_route=%2Fwp%2Fv2%2Fmedia&parent=315573"}],"wp:term":[{"taxonomy":"category","embeddable":true,"href":"https:\/\/diariodominicano.com\/index.php?rest_route=%2Fwp%2Fv2%2Fcategories&post=315573"},{"taxonomy":"post_tag","embeddable":true,"href":"https:\/\/diariodominicano.com\/index.php?rest_route=%2Fwp%2Fv2%2Ftags&post=315573"}],"curies":[{"name":"wp","href":"https:\/\/api.w.org\/{rel}","templated":true}]}}