{"id":315570,"date":"2021-12-10T11:08:38","date_gmt":"2021-12-10T15:08:38","guid":{"rendered":"http:\/\/diariodominicano.com\/?p=315570"},"modified":"2021-12-10T11:08:38","modified_gmt":"2021-12-10T15:08:38","slug":"explosion-de-microbus-deja-2-civiles-muertos-y-3-heridos-en-kabul","status":"publish","type":"post","link":"https:\/\/diariodominicano.com\/?p=315570","title":{"rendered":"Explosi\u00f3n de microb\u00fas deja 2 civiles muertos y 3 heridos en Kabul"},"content":{"rendered":"\n<p>diariodominicano.com<a rel=\"noreferrer noopener\" href=\"https:\/\/www.xinhua-news.com\/gdsdetailxhs\/share\/10710431-?pageflag=iframe\" target=\"_blank\"><\/a><\/p>\n\n\n\n<pre id=\"text-news-description\" class=\"wp-block-preformatted\">   KABUL, 10 dic (Xinhua) -- Dos civiles murieron y otros tres resultaron heridos hoy viernes a causa de una explosi\u00f3n contra un microb\u00fas en el \u00e1rea de Dasht-i-Barch de la capital de Afganist\u00e1n, Kabul, confirm\u00f3 el portavoz del Ministerio del Interior, Qari Sayed Khosti.\n   Sin embargo, testigos creen que el n\u00famero de v\u00edctimas podr\u00eda ser superior al informado.\n   El funcionario tambi\u00e9n confirm\u00f3 que otra explosi\u00f3n casi en la misma zona hiri\u00f3 a una mujer el viernes por la tarde, pero no dio m\u00e1s detalles.\n   Ning\u00fan grupo o individuo se ha atribuido la responsabilidad de las explosiones.\n   La explosi\u00f3n tuvo lugar a las 15:25 hora local y tuvo como objetivo un minib\u00fas en el \u00e1rea de Dasht-i-Barchi, un suburbio del distrito policial 13 en Kabul, dijeron testigos presenciales.\n   Daesh, o el grupo de l\u00ednea dura Estado Isl\u00e1mico (EI), se ha atribuido en el pasado la responsabilidad de actividades subversivas, incluidos los ataques con bombas en dos microbuses en el distrito de Dasht-i-Barchi durante los \u00faltimos meses.<\/pre>\n","protected":false},"excerpt":{"rendered":"<p>diariodominicano.com KABUL, 10 dic (Xinhua) &#8212; Dos civiles murieron y otros tres resultaron heridos hoy viernes a causa de una explosi\u00f3n contra un microb\u00fas en el \u00e1rea de Dasht-i-Barch de la capital de Afganist\u00e1n, Kabul, confirm\u00f3 el portavoz del Ministerio del Interior, Qari Sayed Khosti. Sin embargo, testigos creen que el n\u00famero de v\u00edctimas podr\u00eda [&hellip;]<\/p>\n","protected":false},"author":5,"featured_media":315571,"comment_status":"closed","ping_status":"","sticky":true,"template":"","format":"standard","meta":{"footnotes":""},"categories":[23,27],"tags":[],"class_list":["post-315570","post","type-post","status-publish","format-standard","has-post-thumbnail","hentry","category-internacional","category-portada"],"_links":{"self":[{"href":"https:\/\/diariodominicano.com\/index.php?rest_route=\/wp\/v2\/posts\/315570","targetHints":{"allow":["GET"]}}],"collection":[{"href":"https:\/\/diariodominicano.com\/index.php?rest_route=\/wp\/v2\/posts"}],"about":[{"href":"https:\/\/diariodominicano.com\/index.php?rest_route=\/wp\/v2\/types\/post"}],"author":[{"embeddable":true,"href":"https:\/\/diariodominicano.com\/index.php?rest_route=\/wp\/v2\/users\/5"}],"replies":[{"embeddable":true,"href":"https:\/\/diariodominicano.com\/index.php?rest_route=%2Fwp%2Fv2%2Fcomments&post=315570"}],"version-history":[{"count":1,"href":"https:\/\/diariodominicano.com\/index.php?rest_route=\/wp\/v2\/posts\/315570\/revisions"}],"predecessor-version":[{"id":315572,"href":"https:\/\/diariodominicano.com\/index.php?rest_route=\/wp\/v2\/posts\/315570\/revisions\/315572"}],"wp:featuredmedia":[{"embeddable":true,"href":"https:\/\/diariodominicano.com\/index.php?rest_route=\/wp\/v2\/media\/315571"}],"wp:attachment":[{"href":"https:\/\/diariodominicano.com\/index.php?rest_route=%2Fwp%2Fv2%2Fmedia&parent=315570"}],"wp:term":[{"taxonomy":"category","embeddable":true,"href":"https:\/\/diariodominicano.com\/index.php?rest_route=%2Fwp%2Fv2%2Fcategories&post=315570"},{"taxonomy":"post_tag","embeddable":true,"href":"https:\/\/diariodominicano.com\/index.php?rest_route=%2Fwp%2Fv2%2Ftags&post=315570"}],"curies":[{"name":"wp","href":"https:\/\/api.w.org\/{rel}","templated":true}]}}