{"id":315567,"date":"2021-12-10T11:01:51","date_gmt":"2021-12-10T15:01:51","guid":{"rendered":"http:\/\/diariodominicano.com\/?p=315567"},"modified":"2021-12-10T11:01:51","modified_gmt":"2021-12-10T15:01:51","slug":"indotel-y-altice-firman-contrato-de-concesion-del-servicio-publico-de-telecomunicaciones","status":"publish","type":"post","link":"https:\/\/diariodominicano.com\/?p=315567","title":{"rendered":"Indotel y Altice firman Contrato de Concesi\u00f3n del Servicio P\u00fablico de Telecomunicaciones"},"content":{"rendered":"\n<p>diariodominicano.com<\/p>\n\n\n\n<p>Santo Domingo, R. D.,  10 de diciembre, 2021.- El Instituto Dominicano de las Telecomunicaciones (Indotel) adjudic\u00f3 a la empresa Altice Dominicana, S.A. un total de 70MHz entre el rango de frecuencias de 3400MHz y 3470MHz, el cual ser\u00e1 utilizado por la prestadora para ofrecer servicios de telecomunicaciones fijos y m\u00f3viles en todo el pa\u00eds.\u00a0<\/p>\n\n\n\n<p>El contrato de adenda fue firmado en presencia de Nelson Arroyo, presidente del Consejo Directivo del Indotel; por Julissa Cruz Abreu, directora ejecutiva del Indotel, y Ana Figueiredo, directora ejecutiva de la concesionaria Altice. El mismo entra en vigor y surtir\u00e1 todos sus efectos a partir del jueves 09 de diciembre.&nbsp;<\/p>\n\n\n\n<p>\u201cPara nosotros es de suma satisfacci\u00f3n llegar a la consumaci\u00f3n de la firma de esta adenda para los contratos de concesi\u00f3n de servicios de telecomunicaciones con la empresa Altice. Este hecho viene a fortalecer cada d\u00eda m\u00e1s el clima de inversi\u00f3n extranjera en la Rep\u00fablica Dominicana y refleja la confianza en la seguridad jur\u00eddica en el gobierno encabezado por el presidente Luis Abinader\u201d, afirm\u00f3 el titular del \u00f3rgano regulador de las telecomunicaciones.<\/p>\n\n\n\n<p>De su lado, la CEO de Altice Dominicana destac\u00f3 el trabajo en conjunto con el Indotel para concluir el proceso de manera exitosa.<\/p>\n\n\n\n<p>\u201cTodo ese marco jur\u00eddico es importante para la inversi\u00f3n extranjera en un pa\u00eds y, como dijo el presidente, nos da estabilidad, seguridad para desplegar, seguir invirtiendo, adem\u00e1s, reforzar nuestra inversi\u00f3n\u201d, indic\u00f3.<\/p>\n\n\n\n<p>En el acuerdo se establece que los requerimientos de despliegue \u201cse basan en el porcentaje de la poblaci\u00f3n cubierta con el segmento 3400-3470 MHz, aqu\u00ed asignado, con una velocidad pico de descarga superior a 60Mbps por cada bloque de 10 MHz asignado\u201d.&nbsp;<\/p>\n\n\n\n<p>Los municipios que ser\u00e1n beneficiados por las metas del plan m\u00ednimo de expansi\u00f3n son Santo Domingo Este, Santo Domingo Oeste, Santo Domingo Norte, Santo Domingo de Guzm\u00e1n, Santiago, San Crist\u00f3bal, , Los Alcarrizos, Hig\u00fcey, La Romana, La Vega y San Pedro de Macor\u00eds.&nbsp;<\/p>\n\n\n\n<p>En la adenda se establece, asimismo, que \u201ccomo contraprestaci\u00f3n de la adjudicaci\u00f3n y consecuente asignaci\u00f3n\u201d, la concesionaria Altice pagar\u00e1 la suma de US$20,678,000 d\u00f3lares mediante cuatro pagos de USD $5,169,500.00 cada uno.<\/p>\n\n\n\n<p>El primero de estos pagos lo realiz\u00f3 Altice al momento de la firma del presente documento, mientras que los pagos restantes ser\u00e1n realizados mediante cuotas anuales, iguales y consecutivas de USD $5, 169,500.00, a m\u00e1s tardar los d\u00edas 9 del mes de diciembre de los a\u00f1os 2022, 2023 y 2024, respectivamente, hasta completar el 100% del monto adeudado.<\/p>\n\n\n\n<p>Se precisa que, adem\u00e1s de estos pagos, la concesionaria tendr\u00e1 la responsabilidad de cumplir con las obligaciones asumidas con el Plan M\u00ednimo de Expansi\u00f3n y la prestaci\u00f3n de servicios p\u00fablicos de telecomunicaciones en el pa\u00eds.<\/p>\n\n\n\n<p>Fuente: Direcci\u00f3n de Estrategia y Comunicaci\u00f3n Gubernamental<\/p>\n\n\n\n<p>Ministerio Administrativo de la Presidencia de la Rep\u00fablica Dominicana<\/p>\n","protected":false},"excerpt":{"rendered":"<p>diariodominicano.com Santo Domingo, R. D., 10 de diciembre, 2021.- El Instituto Dominicano de las Telecomunicaciones (Indotel) adjudic\u00f3 a la empresa Altice Dominicana, S.A. un total de 70MHz entre el rango de frecuencias de 3400MHz y 3470MHz, el cual ser\u00e1 utilizado por la prestadora para ofrecer servicios de telecomunicaciones fijos y m\u00f3viles en todo el pa\u00eds.\u00a0 [&hellip;]<\/p>\n","protected":false},"author":5,"featured_media":315568,"comment_status":"closed","ping_status":"","sticky":true,"template":"","format":"standard","meta":{"footnotes":""},"categories":[20,27],"tags":[],"class_list":["post-315567","post","type-post","status-publish","format-standard","has-post-thumbnail","hentry","category-dominicana-hoy","category-portada"],"_links":{"self":[{"href":"https:\/\/diariodominicano.com\/index.php?rest_route=\/wp\/v2\/posts\/315567","targetHints":{"allow":["GET"]}}],"collection":[{"href":"https:\/\/diariodominicano.com\/index.php?rest_route=\/wp\/v2\/posts"}],"about":[{"href":"https:\/\/diariodominicano.com\/index.php?rest_route=\/wp\/v2\/types\/post"}],"author":[{"embeddable":true,"href":"https:\/\/diariodominicano.com\/index.php?rest_route=\/wp\/v2\/users\/5"}],"replies":[{"embeddable":true,"href":"https:\/\/diariodominicano.com\/index.php?rest_route=%2Fwp%2Fv2%2Fcomments&post=315567"}],"version-history":[{"count":1,"href":"https:\/\/diariodominicano.com\/index.php?rest_route=\/wp\/v2\/posts\/315567\/revisions"}],"predecessor-version":[{"id":315569,"href":"https:\/\/diariodominicano.com\/index.php?rest_route=\/wp\/v2\/posts\/315567\/revisions\/315569"}],"wp:featuredmedia":[{"embeddable":true,"href":"https:\/\/diariodominicano.com\/index.php?rest_route=\/wp\/v2\/media\/315568"}],"wp:attachment":[{"href":"https:\/\/diariodominicano.com\/index.php?rest_route=%2Fwp%2Fv2%2Fmedia&parent=315567"}],"wp:term":[{"taxonomy":"category","embeddable":true,"href":"https:\/\/diariodominicano.com\/index.php?rest_route=%2Fwp%2Fv2%2Fcategories&post=315567"},{"taxonomy":"post_tag","embeddable":true,"href":"https:\/\/diariodominicano.com\/index.php?rest_route=%2Fwp%2Fv2%2Ftags&post=315567"}],"curies":[{"name":"wp","href":"https:\/\/api.w.org\/{rel}","templated":true}]}}