{"id":315449,"date":"2021-12-09T23:49:37","date_gmt":"2021-12-10T03:49:37","guid":{"rendered":"http:\/\/diariodominicano.com\/?p=315449"},"modified":"2021-12-09T23:50:11","modified_gmt":"2021-12-10T03:50:11","slug":"estadounidense-govero-gana-segunda-etapa-de-vuelta-a-ecuador","status":"publish","type":"post","link":"https:\/\/diariodominicano.com\/?p=315449","title":{"rendered":"Estadounidense Govero gana segunda etapa de Vuelta a Ecuador"},"content":{"rendered":"\n<p>Quito, 9 dic (Prensa Latina) La segunda etapa de la Vuelta Cicl\u00edstica a Ecuador 2021 la gan\u00f3 hoy el estadounidense Matt Govero, del Factory Team, \u00fanico equipo internacional en la edici\u00f3n 38 de ese evento.<\/p>\n\n\n\n<ul class=\"wp-block-list\"><li>diciembre 9, 2021<\/li><li>CST22:10 (GMT) -0500<\/li><\/ul>\n\n\n\n<p>La fase de esta jornada incluy\u00f3 226 kil\u00f3metros entre las ciudades de Salinas (provincia Santa Elena) y Manta (Manab\u00ed).<\/p>\n\n\n\n<p>Govero cumpli\u00f3 el recorrido con un tiempo de cinco horas, 33 minutos y 30 segundos y estuvo secundado por el ecuatoriano Lenin Montenegro, del Movistar Team, quien comanda la competencia y adem\u00e1s fue ratificado como l\u00edder sub-23.<\/p>\n\n\n\n<p>En tercer lugar lleg\u00f3 Segundo Navarrete, tambi\u00e9n del Movistar Team.<\/p>\n\n\n\n<p>La etapa inaugural cubri\u00f3 115,3 kil\u00f3metros en la ciudad portuaria de Guayaquil y tuvo como vencedor al canadiense Jean Michel Lachance, del Factory Team.<\/p>\n\n\n\n<p>Ma\u00f1ana los competidores se enfrentar\u00e1n a 191 kil\u00f3metros de pedaleo desde la ciudad de Montecristi, en Manab\u00ed, hasta Quevedo, en la provincia de Los R\u00edos.<\/p>\n\n\n\n<p>Al menos 120 atletas participan en la Edici\u00f3n 38 de la Vuelta a Ecuador con categor\u00eda 2.2 en la Uni\u00f3n Cicl\u00edstica Internacional.<\/p>\n\n\n\n<p>oda\/scm<\/p>\n\n\n\n<p><\/p>\n","protected":false},"excerpt":{"rendered":"<p>Quito, 9 dic (Prensa Latina) La segunda etapa de la Vuelta Cicl\u00edstica a Ecuador 2021 la gan\u00f3 hoy el estadounidense Matt Govero, del Factory Team, \u00fanico equipo internacional en la edici\u00f3n 38 de ese evento. diciembre 9, 2021 CST22:10 (GMT) -0500 La fase de esta jornada incluy\u00f3 226 kil\u00f3metros entre las ciudades de Salinas (provincia [&hellip;]<\/p>\n","protected":false},"author":28,"featured_media":315452,"comment_status":"closed","ping_status":"","sticky":false,"template":"","format":"standard","meta":{"footnotes":""},"categories":[17],"tags":[],"class_list":["post-315449","post","type-post","status-publish","format-standard","has-post-thumbnail","hentry","category-deportes"],"_links":{"self":[{"href":"https:\/\/diariodominicano.com\/index.php?rest_route=\/wp\/v2\/posts\/315449","targetHints":{"allow":["GET"]}}],"collection":[{"href":"https:\/\/diariodominicano.com\/index.php?rest_route=\/wp\/v2\/posts"}],"about":[{"href":"https:\/\/diariodominicano.com\/index.php?rest_route=\/wp\/v2\/types\/post"}],"author":[{"embeddable":true,"href":"https:\/\/diariodominicano.com\/index.php?rest_route=\/wp\/v2\/users\/28"}],"replies":[{"embeddable":true,"href":"https:\/\/diariodominicano.com\/index.php?rest_route=%2Fwp%2Fv2%2Fcomments&post=315449"}],"version-history":[{"count":3,"href":"https:\/\/diariodominicano.com\/index.php?rest_route=\/wp\/v2\/posts\/315449\/revisions"}],"predecessor-version":[{"id":315453,"href":"https:\/\/diariodominicano.com\/index.php?rest_route=\/wp\/v2\/posts\/315449\/revisions\/315453"}],"wp:featuredmedia":[{"embeddable":true,"href":"https:\/\/diariodominicano.com\/index.php?rest_route=\/wp\/v2\/media\/315452"}],"wp:attachment":[{"href":"https:\/\/diariodominicano.com\/index.php?rest_route=%2Fwp%2Fv2%2Fmedia&parent=315449"}],"wp:term":[{"taxonomy":"category","embeddable":true,"href":"https:\/\/diariodominicano.com\/index.php?rest_route=%2Fwp%2Fv2%2Fcategories&post=315449"},{"taxonomy":"post_tag","embeddable":true,"href":"https:\/\/diariodominicano.com\/index.php?rest_route=%2Fwp%2Fv2%2Ftags&post=315449"}],"curies":[{"name":"wp","href":"https:\/\/api.w.org\/{rel}","templated":true}]}}