{"id":315430,"date":"2021-12-09T23:14:09","date_gmt":"2021-12-10T03:14:09","guid":{"rendered":"http:\/\/diariodominicano.com\/?p=315430"},"modified":"2021-12-09T23:15:04","modified_gmt":"2021-12-10T03:15:04","slug":"sigue-este-viernes-el-festival-deportivo-navideno-con-las-eliminatorias-regionales","status":"publish","type":"post","link":"https:\/\/diariodominicano.com\/?p=315430","title":{"rendered":"Sigue este viernes el Festival Deportivo Navide\u00f1o con las eliminatorias regionales"},"content":{"rendered":"\n<p><\/p>\n\n\n\n<p>La gran final est\u00e1 pautada para el domingo 19 de diciembre en el Centro Ol\u00edmpico Juan Pablo Duarte<\/p>\n\n\n\n<p>S<strong>anto Domingo.-<\/strong> El Festival Deportivo Navide\u00f1o se desarrolla con un rotundo \u00e9xito en los 158 municipios del pa\u00eds, y contin\u00faa este viernes con el inicio de las eliminatorias regionales, previo a la gran final a celebrarse en el \u00a0Centro Ol\u00edmpico Juan Pablo Duarte, del 17 al 19 de este mes.<\/p>\n\n\n\n<figure class=\"wp-block-image size-large\"><img loading=\"lazy\" decoding=\"async\" width=\"768\" height=\"1024\" src=\"https:\/\/diariodominicano.com\/wp-content\/uploads\/2021\/12\/ca6ea36b-262a-4920-92a1-586556eb0484-768x1024.jpeg\" alt=\"\" class=\"wp-image-315433\" srcset=\"https:\/\/diariodominicano.com\/wp-content\/uploads\/2021\/12\/ca6ea36b-262a-4920-92a1-586556eb0484-768x1024.jpeg 768w, https:\/\/diariodominicano.com\/wp-content\/uploads\/2021\/12\/ca6ea36b-262a-4920-92a1-586556eb0484-225x300.jpeg 225w, https:\/\/diariodominicano.com\/wp-content\/uploads\/2021\/12\/ca6ea36b-262a-4920-92a1-586556eb0484-1152x1536.jpeg 1152w, https:\/\/diariodominicano.com\/wp-content\/uploads\/2021\/12\/ca6ea36b-262a-4920-92a1-586556eb0484-816x1088.jpeg 816w, https:\/\/diariodominicano.com\/wp-content\/uploads\/2021\/12\/ca6ea36b-262a-4920-92a1-586556eb0484.jpeg 1200w\" sizes=\"auto, (max-width: 768px) 100vw, 768px\" \/><\/figure>\n\n\n\n<p>Este torneo, en el que por primera vez compiten los 158 municipios de todo el pa\u00eds, tiene previsto repartir premios que superan los 52 millones de pesos, y de esta forma impactar econ\u00f3micamente a los participantes.<\/p>\n\n\n\n<p>Para esta etapa la regi\u00f3n Enriquillo, tiene pautado iniciar &nbsp;con las competencias &nbsp;los d\u00edas 11 y 12 diciembre con las disciplinas de baloncesto 3&#215;3 femenino y masculino, baloncesto tradicional femenino y masculino, b\u00e9isbol U-12 en masculino, s\u00f3ftbol femenino y masculino y &nbsp;voleibol U-16 femenino.<\/p>\n\n\n\n<figure class=\"wp-block-image size-large\"><img loading=\"lazy\" decoding=\"async\" width=\"1024\" height=\"683\" src=\"https:\/\/diariodominicano.com\/wp-content\/uploads\/2021\/12\/20211107092929_IMG_1535-1024x683.jpg\" alt=\"\" class=\"wp-image-315435\" srcset=\"https:\/\/diariodominicano.com\/wp-content\/uploads\/2021\/12\/20211107092929_IMG_1535-1024x683.jpg 1024w, https:\/\/diariodominicano.com\/wp-content\/uploads\/2021\/12\/20211107092929_IMG_1535-300x200.jpg 300w, https:\/\/diariodominicano.com\/wp-content\/uploads\/2021\/12\/20211107092929_IMG_1535-768x512.jpg 768w, https:\/\/diariodominicano.com\/wp-content\/uploads\/2021\/12\/20211107092929_IMG_1535-1536x1025.jpg 1536w, https:\/\/diariodominicano.com\/wp-content\/uploads\/2021\/12\/20211107092929_IMG_1535-816x544.jpg 816w, https:\/\/diariodominicano.com\/wp-content\/uploads\/2021\/12\/20211107092929_IMG_1535.jpg 2048w\" sizes=\"auto, (max-width: 1024px) 100vw, 1024px\" \/><\/figure>\n\n\n\n<p>Asimismo, la zona Metropolitana que comprende al Distrito Nacional y la provincia Santo Domingo, abrir\u00e1 esta fase de competencias el s\u00e1bado a las cuatro de la tarde en el Palacio de los Deportes del Centro Ol\u00edmpico, para que los equipos busquen su pase a la gran final pautada para el domingo 19 en la que los ganadores podr\u00e1n alcanzar premios por 250 mil pesos, pero adem\u00e1s un conjunto puede ganarse &nbsp;m\u00e1s de medio mill\u00f3n de pesos si se impone en todas las competiciones.<\/p>\n\n\n\n<p>Para esta etapa del festival la regi\u00f3n Este la conforman las provincias El Seibo, Hato Mayor, La Altagracia, La Romana, que ser\u00e1 la sede, Monte Plata y San Pedro Macor\u00eds.<\/p>\n\n\n\n<figure class=\"wp-block-image size-large\"><img loading=\"lazy\" decoding=\"async\" width=\"1024\" height=\"682\" src=\"https:\/\/diariodominicano.com\/wp-content\/uploads\/2021\/12\/74a19e5a-24ec-4543-8c0b-455cb7ec2128-1024x682.jpeg\" alt=\"\" class=\"wp-image-315436\" srcset=\"https:\/\/diariodominicano.com\/wp-content\/uploads\/2021\/12\/74a19e5a-24ec-4543-8c0b-455cb7ec2128-1024x682.jpeg 1024w, https:\/\/diariodominicano.com\/wp-content\/uploads\/2021\/12\/74a19e5a-24ec-4543-8c0b-455cb7ec2128-300x200.jpeg 300w, https:\/\/diariodominicano.com\/wp-content\/uploads\/2021\/12\/74a19e5a-24ec-4543-8c0b-455cb7ec2128-768x512.jpeg 768w, https:\/\/diariodominicano.com\/wp-content\/uploads\/2021\/12\/74a19e5a-24ec-4543-8c0b-455cb7ec2128-816x544.jpeg 816w, https:\/\/diariodominicano.com\/wp-content\/uploads\/2021\/12\/74a19e5a-24ec-4543-8c0b-455cb7ec2128.jpeg 1280w\" sizes=\"auto, (max-width: 1024px) 100vw, 1024px\" \/><\/figure>\n\n\n\n<p>Santiago ser\u00e1 la sede de la regi\u00f3n Cibao Central, que lo integran las provincias &nbsp;Espaillat, La Vega, Monse\u00f1or Nouel &nbsp;y Puerto Plata.<\/p>\n\n\n\n<p>La provincia Duarte acoger\u00e1 las provincias Hermanas Mirabal, Mar\u00eda Trinidad S\u00e1nchez, Saman\u00e1, S\u00e1nchez Ram\u00edrez, como regi\u00f3n Cibao Nordeste.<\/p>\n\n\n\n<p>Las provincias Dajab\u00f3n, Montecristi, &nbsp;Santiago Rodr\u00edguez y Valverde representan la regi\u00f3n Cibao Noroeste.<\/p>\n\n\n\n<p>En tanto que la regi\u00f3n Enriquillo la forman las provincias Bahoruco, Independencia y la sede Barahona.<\/p>\n\n\n\n<p>La regi\u00f3n El Valle la conforman San Juan que ser\u00e1 la sede y El\u00edas Pi\u00f1a.<\/p>\n\n\n\n<p>La provincia Peravia ser\u00e1 la sede la regi\u00f3n Valdesia integrada por las provincias Azua, San Crist\u00f3bal y San Jos\u00e9 de Ocoa.<\/p>\n\n\n\n<p>El Festival Deportivo Navide\u00f1o cuenta con todo el respaldo del Gobierno del presidente Luis Abinader, a trav\u00e9s del Ministerio de Deportes y Recreaci\u00f3n (Miderec), \u00a0la Direcci\u00f3n General de Proyectos Estrat\u00e9gicos y Especiales de la Presidencia (Propeep) \u00a0y la Liga Municipal Dominicana (LMD).<\/p>\n\n\n\n<p>Comunicaciones MIDEREC 20-24<a target=\"_blank\" href=\"mailto:twittermdeportesrd@gmail.com\" rel=\"noreferrer noopener\">twittermdeportesrd@gmail.com<\/a><\/p>\n","protected":false},"excerpt":{"rendered":"<p>La gran final est\u00e1 pautada para el domingo 19 de diciembre en el Centro Ol\u00edmpico Juan Pablo Duarte Santo Domingo.- El Festival Deportivo Navide\u00f1o se desarrolla con un rotundo \u00e9xito en los 158 municipios del pa\u00eds, y contin\u00faa este viernes con el inicio de las eliminatorias regionales, previo a la gran final a celebrarse en [&hellip;]<\/p>\n","protected":false},"author":28,"featured_media":315431,"comment_status":"closed","ping_status":"","sticky":true,"template":"","format":"standard","meta":{"footnotes":""},"categories":[17],"tags":[],"class_list":["post-315430","post","type-post","status-publish","format-standard","has-post-thumbnail","hentry","category-deportes"],"_links":{"self":[{"href":"https:\/\/diariodominicano.com\/index.php?rest_route=\/wp\/v2\/posts\/315430","targetHints":{"allow":["GET"]}}],"collection":[{"href":"https:\/\/diariodominicano.com\/index.php?rest_route=\/wp\/v2\/posts"}],"about":[{"href":"https:\/\/diariodominicano.com\/index.php?rest_route=\/wp\/v2\/types\/post"}],"author":[{"embeddable":true,"href":"https:\/\/diariodominicano.com\/index.php?rest_route=\/wp\/v2\/users\/28"}],"replies":[{"embeddable":true,"href":"https:\/\/diariodominicano.com\/index.php?rest_route=%2Fwp%2Fv2%2Fcomments&post=315430"}],"version-history":[{"count":3,"href":"https:\/\/diariodominicano.com\/index.php?rest_route=\/wp\/v2\/posts\/315430\/revisions"}],"predecessor-version":[{"id":315437,"href":"https:\/\/diariodominicano.com\/index.php?rest_route=\/wp\/v2\/posts\/315430\/revisions\/315437"}],"wp:featuredmedia":[{"embeddable":true,"href":"https:\/\/diariodominicano.com\/index.php?rest_route=\/wp\/v2\/media\/315431"}],"wp:attachment":[{"href":"https:\/\/diariodominicano.com\/index.php?rest_route=%2Fwp%2Fv2%2Fmedia&parent=315430"}],"wp:term":[{"taxonomy":"category","embeddable":true,"href":"https:\/\/diariodominicano.com\/index.php?rest_route=%2Fwp%2Fv2%2Fcategories&post=315430"},{"taxonomy":"post_tag","embeddable":true,"href":"https:\/\/diariodominicano.com\/index.php?rest_route=%2Fwp%2Fv2%2Ftags&post=315430"}],"curies":[{"name":"wp","href":"https:\/\/api.w.org\/{rel}","templated":true}]}}