{"id":315399,"date":"2021-12-09T21:58:51","date_gmt":"2021-12-10T01:58:51","guid":{"rendered":"http:\/\/diariodominicano.com\/?p=315399"},"modified":"2021-12-09T21:58:51","modified_gmt":"2021-12-10T01:58:51","slug":"presidente-luis-abinader-encabeza-acto-inaugural-de-las-noches-de-navidad","status":"publish","type":"post","link":"https:\/\/diariodominicano.com\/?p=315399","title":{"rendered":"Presidente Luis Abinader encabeza acto inaugural de las \u201cNoches de Navidad\u201d"},"content":{"rendered":"\n<p>diariodominicano.com<\/p>\n\n\n\n<p>Santo Domingo, R. D.,  9 de diciembre, 2021.- El presidente Luis Abinader encabez\u00f3 este jueves el acto inaugural de la primera edici\u00f3n de \u201cNoches de Navidad\u201d, evento que celebra el Ministerio de Cultura y que estar\u00e1 abierto al p\u00fablico del 10 al 19 de diciembre, ofreciendo una amplia gama de actividades para toda la familia en museos y espacios culturales de Santo Domingo, totalmente gratis.<\/p>\n\n\n\n<p>En el acto, celebrado en los jardines de la Plaza de la Cultura Juan Pablo Duarte, el mandatario estuvo acompa\u00f1ado por la ministra de Cultura, Milagros Germ\u00e1n, as\u00ed como por funcionarios gubernamentales, miembros del cuerpo diplom\u00e1tico y personalidades vinculadas al \u00e1mbito cultural nacional.<\/p>\n\n\n\n<p>Al pronunciar unas breves palabras, la ministra de Cultura, Milagros Germ\u00e1n, dijo que en esta Navidad nace una nueva forma de gesti\u00f3n cultural, centrada en la gente e inclusiva, con pol\u00edticas culturales dirigidas a consolidar la identidad nacional.<\/p>\n\n\n\n<p>\u00abEl Gobierno del presidente Abinader est\u00e1 decidido a cerrar la brecha entre el pa\u00eds so\u00f1ado y el pa\u00eds real, a trav\u00e9s de pol\u00edticas que universalicen el derecho al bienestar de los habitantes del pa\u00eds\u00bb, manifest\u00f3 el mandatario.<\/p>\n\n\n\n<p>Germ\u00e1n inform\u00f3 que despu\u00e9s de muchos a\u00f1os, los museos de la Plaza de la Cultura est\u00e1n interconectados y Bellas Artes ya cuenta con aire acondicionado.<\/p>\n\n\n\n<p>Del mismo modo, indic\u00f3 que pr\u00f3ximamente estar\u00e1 listo el remozamiento total de la Plaza de la Cultura para el disfrute de todas las familias dominicanas.<\/p>\n\n\n\n<p>La actividad incluy\u00f3 un evento art\u00edstico que cont\u00f3 con la presentaci\u00f3n de \u201cUna primavera para el mundo\u201d, adaptaci\u00f3n del poema del mismo t\u00edtulo de Ren\u00e9 del Risco, que el compositor Rafael Solano convirti\u00f3 en canci\u00f3n.<\/p>\n\n\n\n<p>Esta emblem\u00e1tica pieza fue interpretada por la cantante Maridalia Hern\u00e1ndez, acompa\u00f1ada por los pianistas Omar Ubr\u00ed y Porfirio Mateo, as\u00ed como por la agrupaci\u00f3n coral Koribe.<\/p>\n\n\n\n<p>La velada, en su aspecto musical, tambi\u00e9n cont\u00f3 con la composici\u00f3n Danza Loca, del maestro Bullumba Landestoy, y con las actuaciones del Ballet Folkl\u00f3rico Nacional y del grupo de percusi\u00f3n del Teatro Orquestal Dominicano.<\/p>\n\n\n\n<p>Durante la actividad tambi\u00e9n se realiz\u00f3 la presentaci\u00f3n de una performance a cargo de los alumnos de las escuelas de la Direcci\u00f3n de Educaci\u00f3n y Formaci\u00f3n Art\u00edstica Especializada.<\/p>\n\n\n\n<p>Tambi\u00e9n cont\u00f3 con la participaci\u00f3n de los muralistas del colectivo Transitando.<\/p>\n\n\n\n<p><strong>Sobre las \u201cNoches de Navidad\u201d<\/strong><\/p>\n\n\n\n<p>\u201cNoches de Navidad\u201d es una iniciativa que celebra por primera vez un acontecimiento de este tipo, abierto al p\u00fablico durante nueve d\u00edas e integrando el circuito de museos estatales y centros culturales de Santo Domingo.<\/p>\n\n\n\n<p>La finalidad de esta gran fiesta de la cultura es agradecer a la ciudadan\u00eda por su buen comportamiento durante la pandemia. Hay que recordar que todas las actividades se celebrar\u00e1n cumpliendo las medidas sanitarias establecidas por las autoridades de Salud.<\/p>\n\n\n\n<p>Algunos de los funcionarios que acompa\u00f1aron al jefe de Estado fueron la directora de \u00c9tica e Integridad Gubernamental, Milagros Ortiz Bosch; el director de Museos, Carlos Andujar y el presidente del Comit\u00e9 Gestor de Voluntariados de Instituciones P\u00fablicas, Jos\u00e9 Miguel Bonetti.<\/p>\n\n\n\n<p><strong>La celebraci\u00f3n gira en torno a los siguientes eventos:<\/strong><\/p>\n\n\n\n<p>\u201cNavidad en Bellas Artes\u201d, del 10 al 12 de diciembre, con presentaciones art\u00edsticas a cargo de compa\u00f1\u00edas y agrupaciones del Ministerio de Cultura.<\/p>\n\n\n\n<p>\u201cMi Cultura Navide\u00f1a\u201d, el 12 de diciembre, con muestras art\u00edsticas y culturales en el Centro Cultural T3, ubicado en la estaci\u00f3n del telef\u00e9rico de Sabana Perdida.<\/p>\n\n\n\n<p>En la Plaza Espa\u00f1a se celebrar\u00e1n, del 15 al 19 de diciembre, la Feria Nacional de Artesan\u00eda Dominicana y un festival art\u00edstico que contar\u00e1 con la participaci\u00f3n del Conjunto Quisqueya, Jandy Ventura con \u201cEl legado del Caballo\u201d, Xiomara Fortuna, Pavel N\u00fa\u00f1ez, Banda Tropical y el grupo Poror\u00f3.<\/p>\n\n\n\n<p>Durante este mismo per\u00edodo, los museos de la Zona Colonial permanecer\u00e1n abiertos hasta las 9:00 p. m.<\/p>\n\n\n\n<p>La programaci\u00f3n completa de \u201cNoches de Navidad\u201d est\u00e1 disponible en el portal micultura.gob.do.<\/p>\n\n\n\n<p>Fuente: Direcci\u00f3n de Estrategia y Comunicaci\u00f3n Gubernamental<\/p>\n\n\n\n<p>Ministerio Administrativo de la Presidencia de la Rep\u00fablica Dominicana<\/p>\n","protected":false},"excerpt":{"rendered":"<p>diariodominicano.com Santo Domingo, R. D., 9 de diciembre, 2021.- El presidente Luis Abinader encabez\u00f3 este jueves el acto inaugural de la primera edici\u00f3n de \u201cNoches de Navidad\u201d, evento que celebra el Ministerio de Cultura y que estar\u00e1 abierto al p\u00fablico del 10 al 19 de diciembre, ofreciendo una amplia gama de actividades para toda la [&hellip;]<\/p>\n","protected":false},"author":5,"featured_media":315400,"comment_status":"closed","ping_status":"","sticky":true,"template":"","format":"standard","meta":{"footnotes":""},"categories":[20,27],"tags":[],"class_list":["post-315399","post","type-post","status-publish","format-standard","has-post-thumbnail","hentry","category-dominicana-hoy","category-portada"],"_links":{"self":[{"href":"https:\/\/diariodominicano.com\/index.php?rest_route=\/wp\/v2\/posts\/315399","targetHints":{"allow":["GET"]}}],"collection":[{"href":"https:\/\/diariodominicano.com\/index.php?rest_route=\/wp\/v2\/posts"}],"about":[{"href":"https:\/\/diariodominicano.com\/index.php?rest_route=\/wp\/v2\/types\/post"}],"author":[{"embeddable":true,"href":"https:\/\/diariodominicano.com\/index.php?rest_route=\/wp\/v2\/users\/5"}],"replies":[{"embeddable":true,"href":"https:\/\/diariodominicano.com\/index.php?rest_route=%2Fwp%2Fv2%2Fcomments&post=315399"}],"version-history":[{"count":1,"href":"https:\/\/diariodominicano.com\/index.php?rest_route=\/wp\/v2\/posts\/315399\/revisions"}],"predecessor-version":[{"id":315401,"href":"https:\/\/diariodominicano.com\/index.php?rest_route=\/wp\/v2\/posts\/315399\/revisions\/315401"}],"wp:featuredmedia":[{"embeddable":true,"href":"https:\/\/diariodominicano.com\/index.php?rest_route=\/wp\/v2\/media\/315400"}],"wp:attachment":[{"href":"https:\/\/diariodominicano.com\/index.php?rest_route=%2Fwp%2Fv2%2Fmedia&parent=315399"}],"wp:term":[{"taxonomy":"category","embeddable":true,"href":"https:\/\/diariodominicano.com\/index.php?rest_route=%2Fwp%2Fv2%2Fcategories&post=315399"},{"taxonomy":"post_tag","embeddable":true,"href":"https:\/\/diariodominicano.com\/index.php?rest_route=%2Fwp%2Fv2%2Ftags&post=315399"}],"curies":[{"name":"wp","href":"https:\/\/api.w.org\/{rel}","templated":true}]}}