{"id":315396,"date":"2021-12-09T21:50:31","date_gmt":"2021-12-10T01:50:31","guid":{"rendered":"http:\/\/diariodominicano.com\/?p=315396"},"modified":"2021-12-09T21:50:31","modified_gmt":"2021-12-10T01:50:31","slug":"chile-inicia-vacunacion-contra-covid-19-a-ninos-de-entre-tres-y-cinco-anos-sin-enfermedades","status":"publish","type":"post","link":"https:\/\/diariodominicano.com\/?p=315396","title":{"rendered":"Chile inicia vacunaci\u00f3n contra COVID-19 a ni\u00f1os de entre tres y cinco a\u00f1os sin enfermedades"},"content":{"rendered":"\n<h3 class=\"wp-block-heading\">diariodominicano.com<a rel=\"noreferrer noopener\" href=\"https:\/\/www.xinhua-news.com\/gdsdetailxhs\/share\/10706505-?pageflag=iframe\" target=\"_blank\"><\/a><\/h3>\n\n\n\n<pre id=\"text-news-description\" class=\"wp-block-preformatted\">   SANTIAGO, 9 dic (Xinhua) -- Chile inici\u00f3 hoy jueves la vacunaci\u00f3n contra la enfermedad del nuevo coronavirus (COVID-19) a ni\u00f1as y ni\u00f1os de tres a cinco a\u00f1os, tras arrancar el lunes pasado la inoculaci\u00f3n a este grupo de edad, pero s\u00f3lo con alguna comorbilidad espec\u00edfica, inform\u00f3 el vocero del Gobierno, Jaime Bellolio.\n   El portavoz explic\u00f3 a periodistas que la mejor manera de prevenir nuevas variantes de coronavirus es mediante la vacunaci\u00f3n contra la COVID-19.\n   \"Chile es uno de los pioneros en empezar a vacunar a ni\u00f1os y ni\u00f1as, entre los tres y los cinco a\u00f1os\", dijo Bellolio, para agregar que si bien a ellos la enfermedad les da relativamente m\u00e1s leve, la pueden transmitir e incluso algunos pueden ir a unidades de cuidados intensivos.\n   Por su parte, la secretaria ministerial de Salud de la Regi\u00f3n Metropolitana, Helga Balich, precis\u00f3 que a principios de semana se prioriz\u00f3 a menores con alg\u00fan problema inmune o alguna comorbilidad espec\u00edfica.\n   \"Esta vacunaci\u00f3n tambi\u00e9n se desarrollar\u00e1 durante la pr\u00f3xima semana en los puntos que determinen los municipios\", dijo.\n   Balich detall\u00f3 que en la regi\u00f3n Metropolitana de Santiago se espera vacunar a 302.845 menores de entre tres y cinco a\u00f1os, por lo que es \"fundamental\" el trabajo coordinado con las 52 comunas, para determinar la mejor forma de operar de acuerdo con la realidad de cada una.\n   El pasado 6 de diciembre, el presidente Sebasti\u00e1n Pi\u00f1era encabez\u00f3 el inicio de la vacunaci\u00f3n contra la COVID-19 en ni\u00f1as y ni\u00f1os de tres a cinco a\u00f1os de edad con la vacuna CoronaVac del laboratorio chino Sinovac.\n   El mandatario chileno afirm\u00f3 que unos 700.000 infantes podr\u00e1n recibir la vacuna con la autorizaci\u00f3n de sus tutores, proceso que se realizar\u00e1 en puntos de vacunaci\u00f3n, escuelas y jardines infantiles del pa\u00eds sudamericano.\n   El pasado 25 de noviembre Chile aprob\u00f3 el uso de la vacuna CoronaVac en ni\u00f1as y ni\u00f1os de tres a cinco a\u00f1os de edad.\n   El Instituto de Salud P\u00fablica ampli\u00f3 as\u00ed el rango etario para recibir la vacuna, aprobada en enero para personas mayores de 18 a\u00f1os, as\u00ed como en septiembre para menores de entre seis y 17 a\u00f1os.\n   En Chile han completado su vacunaci\u00f3n contra la COVID-19 poco m\u00e1s de 13,8 millones de personas de una poblaci\u00f3n objetivo de 15,2 millones, mientras que m\u00e1s de nueve millones han recibido dosis de refuerzo.<\/pre>\n","protected":false},"excerpt":{"rendered":"<p>diariodominicano.com SANTIAGO, 9 dic (Xinhua) &#8212; Chile inici\u00f3 hoy jueves la vacunaci\u00f3n contra la enfermedad del nuevo coronavirus (COVID-19) a ni\u00f1as y ni\u00f1os de tres a cinco a\u00f1os, tras arrancar el lunes pasado la inoculaci\u00f3n a este grupo de edad, pero s\u00f3lo con alguna comorbilidad espec\u00edfica, inform\u00f3 el vocero del Gobierno, Jaime Bellolio. El portavoz [&hellip;]<\/p>\n","protected":false},"author":5,"featured_media":315397,"comment_status":"closed","ping_status":"","sticky":true,"template":"","format":"standard","meta":{"footnotes":""},"categories":[23,27],"tags":[],"class_list":["post-315396","post","type-post","status-publish","format-standard","has-post-thumbnail","hentry","category-internacional","category-portada"],"_links":{"self":[{"href":"https:\/\/diariodominicano.com\/index.php?rest_route=\/wp\/v2\/posts\/315396","targetHints":{"allow":["GET"]}}],"collection":[{"href":"https:\/\/diariodominicano.com\/index.php?rest_route=\/wp\/v2\/posts"}],"about":[{"href":"https:\/\/diariodominicano.com\/index.php?rest_route=\/wp\/v2\/types\/post"}],"author":[{"embeddable":true,"href":"https:\/\/diariodominicano.com\/index.php?rest_route=\/wp\/v2\/users\/5"}],"replies":[{"embeddable":true,"href":"https:\/\/diariodominicano.com\/index.php?rest_route=%2Fwp%2Fv2%2Fcomments&post=315396"}],"version-history":[{"count":1,"href":"https:\/\/diariodominicano.com\/index.php?rest_route=\/wp\/v2\/posts\/315396\/revisions"}],"predecessor-version":[{"id":315398,"href":"https:\/\/diariodominicano.com\/index.php?rest_route=\/wp\/v2\/posts\/315396\/revisions\/315398"}],"wp:featuredmedia":[{"embeddable":true,"href":"https:\/\/diariodominicano.com\/index.php?rest_route=\/wp\/v2\/media\/315397"}],"wp:attachment":[{"href":"https:\/\/diariodominicano.com\/index.php?rest_route=%2Fwp%2Fv2%2Fmedia&parent=315396"}],"wp:term":[{"taxonomy":"category","embeddable":true,"href":"https:\/\/diariodominicano.com\/index.php?rest_route=%2Fwp%2Fv2%2Fcategories&post=315396"},{"taxonomy":"post_tag","embeddable":true,"href":"https:\/\/diariodominicano.com\/index.php?rest_route=%2Fwp%2Fv2%2Ftags&post=315396"}],"curies":[{"name":"wp","href":"https:\/\/api.w.org\/{rel}","templated":true}]}}