{"id":315393,"date":"2021-12-09T21:44:16","date_gmt":"2021-12-10T01:44:16","guid":{"rendered":"http:\/\/diariodominicano.com\/?p=315393"},"modified":"2021-12-09T21:44:16","modified_gmt":"2021-12-10T01:44:16","slug":"jefe-de-onu-pide-poner-fin-a-discriminacion-basada-en-identidad-para-prevenir-genocidio","status":"publish","type":"post","link":"https:\/\/diariodominicano.com\/?p=315393","title":{"rendered":"Jefe de ONU pide poner fin a discriminaci\u00f3n basada en identidad para prevenir genocidio"},"content":{"rendered":"\n<p>diariodominicano.com<a rel=\"noreferrer noopener\" href=\"https:\/\/www.xinhua-news.com\/gdsdetailxhs\/share\/10706605-?pageflag=iframe\" target=\"_blank\"><\/a><\/p>\n\n\n\n<pre id=\"text-news-description\" class=\"wp-block-preformatted\">   NACIONES UNIDAS, 9 dic (Xinhua) -- El secretario general de la ONU, Ant\u00f3nio Guterres, pidi\u00f3 hoy el fin de la discriminaci\u00f3n basada en la identidad, entre otras medidas, con el fin de evitar el genocidio.\n   En la actualidad, el genocidio sigue siendo una amenaza muy real. La comunidad internacional ha fracasado en repetidas ocasiones en lo que respecta a responder de manera colaborativa, r\u00e1pida y decisiva para evitar el genocidio y otros cr\u00edmenes atroces relacionados con esto, dijo el secretario general en un mensaje con motivo del D\u00eda Internacional para la Conmemoraci\u00f3n y Dignificaci\u00f3n de las V\u00edctimas del Crimen de Genocidio.\n   Hoy el mundo enfrenta el mayor n\u00famero de conflictos violentos desde 1945. Est\u00e1n durando m\u00e1s tiempo y son cada vez m\u00e1s complejos. La impunidad est\u00e1 extendida y los derechos humanos y el Estado de derecho son constantemente ignorados. El discurso de odio, la incitaci\u00f3n y la discriminaci\u00f3n basados en la identidad siguen extendi\u00e9ndose y son cada vez m\u00e1s utilizados para la manipulaci\u00f3n y el beneficio pol\u00edticos. Estas son alarmantes se\u00f1ales de advertencia que deben impulsar a la acci\u00f3n, dijo Guterres. \n     \"Sabemos lo que se necesita. Tenemos que eliminar la discriminaci\u00f3n basada en la identidad y reconocer la diversidad como una fortaleza. Debemos respetar los derechos humanos y el Estado de derecho. Debemos garantizar la rendici\u00f3n de cuentas y la compensaci\u00f3n por cr\u00edmenes atroces del pasado. Y debemos reconciliar y restablecer las comunidades quebrantadas\", agreg\u00f3 Guterres.\n   Los Estados tienen la responsabilidad primaria de prevenir el genocidio. Pero esto no se puede lograr sin la participaci\u00f3n de la sociedad en su conjunto. Los j\u00f3venes, los l\u00edderes religiosos y comunitarios, el sector privado y los medios, en particular las plataformas de redes sociales, tienen todos la responsabilidad de convertirse en paladines de la prevenci\u00f3n, dijo. \"Trabajando juntos podremos evitar los atroces errores del pasado\".<\/pre>\n","protected":false},"excerpt":{"rendered":"<p>diariodominicano.com NACIONES UNIDAS, 9 dic (Xinhua) &#8212; El secretario general de la ONU, Ant\u00f3nio Guterres, pidi\u00f3 hoy el fin de la discriminaci\u00f3n basada en la identidad, entre otras medidas, con el fin de evitar el genocidio. En la actualidad, el genocidio sigue siendo una amenaza muy real. La comunidad internacional ha fracasado en repetidas ocasiones [&hellip;]<\/p>\n","protected":false},"author":5,"featured_media":315394,"comment_status":"closed","ping_status":"","sticky":true,"template":"","format":"standard","meta":{"footnotes":""},"categories":[23,27],"tags":[],"class_list":["post-315393","post","type-post","status-publish","format-standard","has-post-thumbnail","hentry","category-internacional","category-portada"],"_links":{"self":[{"href":"https:\/\/diariodominicano.com\/index.php?rest_route=\/wp\/v2\/posts\/315393","targetHints":{"allow":["GET"]}}],"collection":[{"href":"https:\/\/diariodominicano.com\/index.php?rest_route=\/wp\/v2\/posts"}],"about":[{"href":"https:\/\/diariodominicano.com\/index.php?rest_route=\/wp\/v2\/types\/post"}],"author":[{"embeddable":true,"href":"https:\/\/diariodominicano.com\/index.php?rest_route=\/wp\/v2\/users\/5"}],"replies":[{"embeddable":true,"href":"https:\/\/diariodominicano.com\/index.php?rest_route=%2Fwp%2Fv2%2Fcomments&post=315393"}],"version-history":[{"count":1,"href":"https:\/\/diariodominicano.com\/index.php?rest_route=\/wp\/v2\/posts\/315393\/revisions"}],"predecessor-version":[{"id":315395,"href":"https:\/\/diariodominicano.com\/index.php?rest_route=\/wp\/v2\/posts\/315393\/revisions\/315395"}],"wp:featuredmedia":[{"embeddable":true,"href":"https:\/\/diariodominicano.com\/index.php?rest_route=\/wp\/v2\/media\/315394"}],"wp:attachment":[{"href":"https:\/\/diariodominicano.com\/index.php?rest_route=%2Fwp%2Fv2%2Fmedia&parent=315393"}],"wp:term":[{"taxonomy":"category","embeddable":true,"href":"https:\/\/diariodominicano.com\/index.php?rest_route=%2Fwp%2Fv2%2Fcategories&post=315393"},{"taxonomy":"post_tag","embeddable":true,"href":"https:\/\/diariodominicano.com\/index.php?rest_route=%2Fwp%2Fv2%2Ftags&post=315393"}],"curies":[{"name":"wp","href":"https:\/\/api.w.org\/{rel}","templated":true}]}}