{"id":315388,"date":"2021-12-09T21:33:21","date_gmt":"2021-12-10T01:33:21","guid":{"rendered":"http:\/\/diariodominicano.com\/?p=315388"},"modified":"2021-12-09T21:35:10","modified_gmt":"2021-12-10T01:35:10","slug":"presidente-luis-abinader-anuncia-fin-del-peaje-sombra-en-autopista-nordeste-y-bulevar-turistico-del-atlantico","status":"publish","type":"post","link":"https:\/\/diariodominicano.com\/?p=315388","title":{"rendered":"Presidente Luis Abinader anuncia fin del Peaje Sombra en Autopista Nordeste y Bulevar Tur\u00edstico del Atl\u00e1ntico"},"content":{"rendered":"\n<p>diariodominicano.com<\/p>\n\n\n\n<p>Santo Domingo, R. D.,  9 de diciembre, 2021.- El presidente Luis Abinader anunci\u00f3 la noche de este jueves que el Gobierno logr\u00f3 un acuerdo amigable para la terminaci\u00f3n del contrato de concesi\u00f3n de la Autopista de Saman\u00e1, lo que representa al Estado un ahorro de aproximadamente US$1,500 millones de d\u00f3lares.<\/p>\n\n\n\n<p>\u201cEl acuerdo que hoy les anunciamos establece que el Estado pagar\u00e1 la suma de US$410 millones de d\u00f3lares para finalizar el contrato de concesi\u00f3n. Ese monto, es aproximadamente lo que habr\u00eda de pagar por peaje sombra en los pr\u00f3ximos cuatro a\u00f1os y cuatro meses, sin contar lo que generar\u00edan los peajes una vez hayan sido transferidos al fideicomiso estatal RD Vial\u201d, dijo el mandatario.<\/p>\n\n\n\n<p>Anunci\u00f3, adem\u00e1s, que el Gobierno ha decidido, con efectividad al 1 de enero de 2022, reducir en promedio un 20% del costo del trayecto comprendido desde la autopista Las Am\u00e9ricas a Saman\u00e1, para beneficio de las comunidades aleda\u00f1as y de la ciudadan\u00eda en general.<\/p>\n\n\n\n<p>\u201cHabr\u00e1 ahorro para las arcas del Estado y para los bolsillos de los dominicanos\u201d, precis\u00f3 el gobernante en una alocuci\u00f3n dirigida al pa\u00eds a trav\u00e9s de una cadena de radio, televisi\u00f3n y redes sociales.&nbsp;&nbsp;&nbsp;<\/p>\n\n\n\n<p>Dijo que el pueblo dominicano ha pagado el mal acuerdo que otros hicieron. \u201cPero nosotros hemos gestionado, hemos negociado y ejecutado una soluci\u00f3n que nos permite liberarnos de una pesada y desproporcionada carga, lo cual nos permitir\u00e1 atender otras prioridades de infraestructura vitales para el desarrollo econ\u00f3mico de nuestro pa\u00eds\u201d, agreg\u00f3.<\/p>\n\n\n\n<p>Record\u00f3 que, desde su arribo a la Presidencia de la Rep\u00fablica, el 16 de agosto de 2020, garantiz\u00f3 que encabezar\u00eda una gesti\u00f3n honesta, transparente y eficaz.<\/p>\n\n\n\n<p>Y a seguidas, recalc\u00f3 que, \u201cdesde el 2008 a la fecha, los dominicanos hemos pagado cada a\u00f1o miles de millones de pesos por un contrato injusto y perjudicial para nuestro pa\u00eds. Pero desde ahora, ya no habr\u00e1 m\u00e1s gasto, sino un ahorro\u201d.<\/p>\n\n\n\n<p><strong>Con dinero no se juega<\/strong><\/p>\n\n\n\n<p>\u201cCon el dinero de los dominicanos en este Gobierno no se juega, y se lo dije a ustedes cuanto tom\u00e9 posesi\u00f3n y ahora se lo recuerdo a todos, no hay peso, contrato o gasto que no est\u00e9 bajo la lupa de este presidente\u201d, advirti\u00f3 Abinader.<\/p>\n\n\n\n<p>Sostuvo que su Gobierno est\u00e1 dirigido a la protecci\u00f3n de la poblaci\u00f3n dominicana.&nbsp;<\/p>\n\n\n\n<p>\u201cGobierno para ustedes, exclusivamente para ustedes y este acuerdo constituye una buena prueba de que cuando empe\u00f1amos nuestra palabra ante el pueblo dominicano, la cumplimos\u201d, puntualiz\u00f3.<\/p>\n\n\n\n<p>Dijo que cuando empe\u00f1a su palabra, lo hace asumiendo todas las consecuencias por el compromiso sagrado con la poblaci\u00f3n.<\/p>\n\n\n\n<p>En su discurso de rendici\u00f3n de cuentas ante la Asamblea Nacional, el pasado el 27 de febrero, adelant\u00f3 que estaban trabajando para revertir de la mejor manera posible el infame \u201cpeaje sombra\u201d de la Autopista del Nordeste, donde el Estado dominicano, deb\u00eda pagar m\u00e1s de 1,900 millones de d\u00f3lares en lo que restaba de contrato.<\/p>\n\n\n\n<p>Asimismo, que esa carga injusta y lesiva para el pueblo dominicano era sencillamente inaceptable y por eso le buscar\u00eda una soluci\u00f3n.<\/p>\n\n\n\n<p>Fuente: Direcci\u00f3n de Estrategia y Comunicaci\u00f3n Gubernamental<\/p>\n\n\n\n<p>Ministerio Administrativo de la Presidencia de la Rep\u00fablica Dominicana<\/p>\n","protected":false},"excerpt":{"rendered":"<p>diariodominicano.com Santo Domingo, R. D., 9 de diciembre, 2021.- El presidente Luis Abinader anunci\u00f3 la noche de este jueves que el Gobierno logr\u00f3 un acuerdo amigable para la terminaci\u00f3n del contrato de concesi\u00f3n de la Autopista de Saman\u00e1, lo que representa al Estado un ahorro de aproximadamente US$1,500 millones de d\u00f3lares. \u201cEl acuerdo que hoy [&hellip;]<\/p>\n","protected":false},"author":5,"featured_media":315389,"comment_status":"closed","ping_status":"","sticky":true,"template":"","format":"standard","meta":{"footnotes":""},"categories":[20,27],"tags":[],"class_list":["post-315388","post","type-post","status-publish","format-standard","has-post-thumbnail","hentry","category-dominicana-hoy","category-portada"],"_links":{"self":[{"href":"https:\/\/diariodominicano.com\/index.php?rest_route=\/wp\/v2\/posts\/315388","targetHints":{"allow":["GET"]}}],"collection":[{"href":"https:\/\/diariodominicano.com\/index.php?rest_route=\/wp\/v2\/posts"}],"about":[{"href":"https:\/\/diariodominicano.com\/index.php?rest_route=\/wp\/v2\/types\/post"}],"author":[{"embeddable":true,"href":"https:\/\/diariodominicano.com\/index.php?rest_route=\/wp\/v2\/users\/5"}],"replies":[{"embeddable":true,"href":"https:\/\/diariodominicano.com\/index.php?rest_route=%2Fwp%2Fv2%2Fcomments&post=315388"}],"version-history":[{"count":3,"href":"https:\/\/diariodominicano.com\/index.php?rest_route=\/wp\/v2\/posts\/315388\/revisions"}],"predecessor-version":[{"id":315392,"href":"https:\/\/diariodominicano.com\/index.php?rest_route=\/wp\/v2\/posts\/315388\/revisions\/315392"}],"wp:featuredmedia":[{"embeddable":true,"href":"https:\/\/diariodominicano.com\/index.php?rest_route=\/wp\/v2\/media\/315389"}],"wp:attachment":[{"href":"https:\/\/diariodominicano.com\/index.php?rest_route=%2Fwp%2Fv2%2Fmedia&parent=315388"}],"wp:term":[{"taxonomy":"category","embeddable":true,"href":"https:\/\/diariodominicano.com\/index.php?rest_route=%2Fwp%2Fv2%2Fcategories&post=315388"},{"taxonomy":"post_tag","embeddable":true,"href":"https:\/\/diariodominicano.com\/index.php?rest_route=%2Fwp%2Fv2%2Ftags&post=315388"}],"curies":[{"name":"wp","href":"https:\/\/api.w.org\/{rel}","templated":true}]}}