{"id":315385,"date":"2021-12-09T21:28:28","date_gmt":"2021-12-10T01:28:28","guid":{"rendered":"http:\/\/diariodominicano.com\/?p=315385"},"modified":"2021-12-09T21:28:28","modified_gmt":"2021-12-10T01:28:28","slug":"tribunal-rechaza-intento-de-trump-por-ocultar-expedientes-a-congresistas-que-investigan-disturbios-de-6-de-enero","status":"publish","type":"post","link":"https:\/\/diariodominicano.com\/?p=315385","title":{"rendered":"Tribunal rechaza intento de Trump por ocultar expedientes a congresistas que investigan disturbios de 6 de enero"},"content":{"rendered":"\n<p>diariodominicano.com<a rel=\"noreferrer noopener\" href=\"https:\/\/www.xinhua-news.com\/gdsdetailxhs\/share\/10706628-?pageflag=iframe\" target=\"_blank\"><\/a><\/p>\n\n\n\n<pre id=\"text-news-description\" class=\"wp-block-preformatted\">    WASHINGTON, 9 dic (Xinhua) -- Un tribunal federal de apelaciones de Estados Unidos decidi\u00f3 hoy rechazar el intento del ex presidente Donald Trump por impedir que los Archivos Nacionales entreguen expedientes de su administraci\u00f3n al comit\u00e9 de la C\u00e1mara de Representantes que investiga los disturbios del 6 de enero en el Capitolio.\n   El panel de tres jueces del Tribunal de Circuito de Apelaciones de Washington D.C. rechaz\u00f3 por unanimidad los argumentos de los abogados del ex presidente en el sentido de que su cliente podr\u00eda hacer valer el privilegio ejecutivo para impedir que la actual administraci\u00f3n comparta los documentos de la Casa Blanca de Trump con el Comit\u00e9 Selecto de la C\u00e1mara que investiga el ataque del 6 de enero contra el Capitolio de Estados Unidos.\n   \"En este caso, la cuesti\u00f3n central es saber si a pesar de las circunstancias excepcionales e imperativas que subyacen a la solicitud del Comit\u00e9 y a la decisi\u00f3n del presidente Biden, un tribunal federal puede, a petici\u00f3n del ex presidente, invalidar la decisi\u00f3n del presidente Biden de no invocar el privilegio e impedir que entregue al Congreso documentos en su poder que \u00e9l considera necesarios para una indagatoria legislativa cr\u00edtica\", dijo la jueza Patricia Millett en una opini\u00f3n de 68 p\u00e1ginas del panel.\n     \"En el expediente que tenemos ante nosotros, el ex presidente Trump no proporcion\u00f3 ning\u00fan fundamento para que este tribunal anule el criterio del presidente Biden y el acuerdo y las adaptaciones elaborados entre los poderes pol\u00edticos en relaci\u00f3n con estos documentos\", se indic\u00f3 en la opini\u00f3n.\n   \"Ambos poderes coinciden en que existe una singular necesidad legislativa en relaci\u00f3n con estos documentos y en que son directamente pertinentes para la investigaci\u00f3n del Comit\u00e9 sobre el ataque al poder legislativo y su papel constitucional en la transferencia pac\u00edfica del poder\", a\u00f1adi\u00f3.\n   El tribunal se\u00f1al\u00f3 que la transferencia de los expedientes podr\u00eda comenzar en 14 d\u00edas, antes de lo cual Trump puede pedir a la Suprema Corte que intervenga en el caso. <\/pre>\n","protected":false},"excerpt":{"rendered":"<p>diariodominicano.com WASHINGTON, 9 dic (Xinhua) &#8212; Un tribunal federal de apelaciones de Estados Unidos decidi\u00f3 hoy rechazar el intento del ex presidente Donald Trump por impedir que los Archivos Nacionales entreguen expedientes de su administraci\u00f3n al comit\u00e9 de la C\u00e1mara de Representantes que investiga los disturbios del 6 de enero en el Capitolio. El panel [&hellip;]<\/p>\n","protected":false},"author":5,"featured_media":315386,"comment_status":"closed","ping_status":"","sticky":true,"template":"","format":"standard","meta":{"footnotes":""},"categories":[23,27],"tags":[],"class_list":["post-315385","post","type-post","status-publish","format-standard","has-post-thumbnail","hentry","category-internacional","category-portada"],"_links":{"self":[{"href":"https:\/\/diariodominicano.com\/index.php?rest_route=\/wp\/v2\/posts\/315385","targetHints":{"allow":["GET"]}}],"collection":[{"href":"https:\/\/diariodominicano.com\/index.php?rest_route=\/wp\/v2\/posts"}],"about":[{"href":"https:\/\/diariodominicano.com\/index.php?rest_route=\/wp\/v2\/types\/post"}],"author":[{"embeddable":true,"href":"https:\/\/diariodominicano.com\/index.php?rest_route=\/wp\/v2\/users\/5"}],"replies":[{"embeddable":true,"href":"https:\/\/diariodominicano.com\/index.php?rest_route=%2Fwp%2Fv2%2Fcomments&post=315385"}],"version-history":[{"count":1,"href":"https:\/\/diariodominicano.com\/index.php?rest_route=\/wp\/v2\/posts\/315385\/revisions"}],"predecessor-version":[{"id":315387,"href":"https:\/\/diariodominicano.com\/index.php?rest_route=\/wp\/v2\/posts\/315385\/revisions\/315387"}],"wp:featuredmedia":[{"embeddable":true,"href":"https:\/\/diariodominicano.com\/index.php?rest_route=\/wp\/v2\/media\/315386"}],"wp:attachment":[{"href":"https:\/\/diariodominicano.com\/index.php?rest_route=%2Fwp%2Fv2%2Fmedia&parent=315385"}],"wp:term":[{"taxonomy":"category","embeddable":true,"href":"https:\/\/diariodominicano.com\/index.php?rest_route=%2Fwp%2Fv2%2Fcategories&post=315385"},{"taxonomy":"post_tag","embeddable":true,"href":"https:\/\/diariodominicano.com\/index.php?rest_route=%2Fwp%2Fv2%2Ftags&post=315385"}],"curies":[{"name":"wp","href":"https:\/\/api.w.org\/{rel}","templated":true}]}}