{"id":315382,"date":"2021-12-09T21:20:17","date_gmt":"2021-12-10T01:20:17","guid":{"rendered":"http:\/\/diariodominicano.com\/?p=315382"},"modified":"2021-12-09T21:20:17","modified_gmt":"2021-12-10T01:20:17","slug":"primera-dama-y-ministro-de-la-vivienda-dejan-iniciada-la-construccion-de-la-unidad-de-oncopediatria-del-incart","status":"publish","type":"post","link":"https:\/\/diariodominicano.com\/?p=315382","title":{"rendered":"Primera dama y ministro de la Vivienda dejan iniciada la construcci\u00f3n de la Unidad de Oncopediatr\u00eda del INCART"},"content":{"rendered":"\n<p>diariodominicano.com<\/p>\n\n\n\n<p>Santo Domingo, R. D.,  9 de diciembre, 2021.-  La construcci\u00f3n de una moderna unidad de atenci\u00f3n a la poblaci\u00f3n infantil y adolescente que recibe tratamiento contra el c\u00e1ncer, fue iniciada simb\u00f3licamente este jueves por la primera dama Raquel Arbaje y el ministro de la Vivienda Carlos Bonilla, como parte de las acciones que impulsa la iniciativa Uniendo Voluntades.<\/p>\n\n\n\n<p>La obra se levantar\u00e1 anexa al edificio del Instituto Nacional del C\u00e1ncer Rosa Emilia S\u00e1nchez P\u00e9rez de Tavares (INCART) y estar\u00e1 dotada de los \u00faltimos adelantos de tecnolog\u00eda m\u00e9dica para el tratamiento de esta enfermedad en la poblaci\u00f3n infanto-juvenil. Tendr\u00e1 un costo de 270.5 millones de pesos.<\/p>\n\n\n\n<p>Entre los equipos que ser\u00e1n instalados est\u00e1 una gammac\u00e1mara h\u00edbrida para el diagn\u00f3stico precoz adquirida con un fondo de un mill\u00f3n de d\u00f3lares no reembolsables, aportados por el Banco Centroamericano de Integraci\u00f3n Econ\u00f3mica (BCIE) por gestiones de Arbaje.<\/p>\n\n\n\n<p>\u201cHoy siento la profunda satisfacci\u00f3n de saber que estamos avanzando con paso firme y sin pausa en el camino de brindar a nuestros ni\u00f1os y ni\u00f1as m\u00e1s vulnerables la oportunidad de recibir tratamiento de excelente calidad, en un ambiente que haga m\u00e1s tolerable la pesada carga que la vida ha puesto sobre sus peque\u00f1os hombros\u201d, dijo la primera dama al intervenir en el acto.<\/p>\n\n\n\n<p>Agreg\u00f3 la primera dama que la obra iniciada dar\u00e1 un decisivo y vigoroso impulso a los servicios de oncolog\u00eda pedi\u00e1trica del sistema p\u00fablico de salud y contribuir\u00e1 a optimizar el diagn\u00f3stico precoz, de modo que permita elevar el \u00edndice de sobrevivencia de los peque\u00f1os pacientes.<\/p>\n\n\n\n<p>\u201cPondremos a disposici\u00f3n de nuestros ni\u00f1os, ni\u00f1as y adolescentes los mejores recursos de la tecnolog\u00eda m\u00e9dica, un local provisto de todas las condiciones para hacerlos sentir en un ambiente que contrarreste la hostilidad de la enfermedad, con un personal m\u00e9dico excelente y un personal de apoyo competente. Pero, sobre todo, les ofreceremos mucho amor, que es siempre b\u00e1lsamo que alivia el dolor y la incertidumbre\u201d, puntualiz\u00f3.<\/p>\n\n\n\n<p>La obra tendr\u00e1 2,272 metros cuadrados de construcci\u00f3n y contar\u00e1 con cuarenta y una camas, dos quir\u00f3fanos, sala de anestesiolog\u00eda, unidad de cuidados intensivos, seis consultorios, estaci\u00f3n de enfermer\u00eda, \u00e1rea de juego, oficinas administrativas y sala de espera.<\/p>\n\n\n\n<p>El dise\u00f1o de las \u00e1reas responde a los est\u00e1ndares nacionales e internacionales que promueven espacios donde se contemple el bienestar emocional de los ni\u00f1os, ni\u00f1as y adolescentes pacientes hospitalizados.<\/p>\n\n\n\n<p>El ministro Bonilla expres\u00f3 su complacencia por poder aportar a una iniciativa ideada e impulsada por la primera dama, con el compromiso de mejorar la calidad de la atenci\u00f3n en oncopediatr\u00eda y elevar los \u00edndices de sobrevivencia de los peque\u00f1os pacientes, sobre todo de los provenientes de los sectores vulnerables.<\/p>\n\n\n\n<p>De su parte, el director ejecutivo del Servicio Nacional de Salud, Mario Lama, se refiri\u00f3 a la situaci\u00f3n de los menores con c\u00e1ncer en el pa\u00eds y valor\u00f3 la contribuci\u00f3n que har\u00e1 la unidad oncopedi\u00e1trica promovida por la primera dama, a la ampliaci\u00f3n de las oportunidades de tratamiento especializado para los sectores de menores ingresos.<\/p>\n\n\n\n<p>En el acto estuvieron presentes el director ejecutivo del Banco Centroamericano de Integraci\u00f3n Econ\u00f3mica Hostos Rizik, el subdirector del Ministerio de Salud Robinson Santos, el director del INCART Jos\u00e9 Ernesto Ram\u00edrez, y funcionarios y personalidades del \u00e1rea de la salud.<\/p>\n\n\n\n<p>Fuente: Direcci\u00f3n de Estrategia y Comunicaci\u00f3n Gubernamental<\/p>\n\n\n\n<p>Ministerio Administrativo de la Presidencia de la Rep\u00fablica Dominicana<\/p>\n","protected":false},"excerpt":{"rendered":"<p>diariodominicano.com Santo Domingo, R. D., 9 de diciembre, 2021.- La construcci\u00f3n de una moderna unidad de atenci\u00f3n a la poblaci\u00f3n infantil y adolescente que recibe tratamiento contra el c\u00e1ncer, fue iniciada simb\u00f3licamente este jueves por la primera dama Raquel Arbaje y el ministro de la Vivienda Carlos Bonilla, como parte de las acciones que impulsa [&hellip;]<\/p>\n","protected":false},"author":5,"featured_media":315383,"comment_status":"closed","ping_status":"","sticky":true,"template":"","format":"standard","meta":{"footnotes":""},"categories":[20,27],"tags":[],"class_list":["post-315382","post","type-post","status-publish","format-standard","has-post-thumbnail","hentry","category-dominicana-hoy","category-portada"],"_links":{"self":[{"href":"https:\/\/diariodominicano.com\/index.php?rest_route=\/wp\/v2\/posts\/315382","targetHints":{"allow":["GET"]}}],"collection":[{"href":"https:\/\/diariodominicano.com\/index.php?rest_route=\/wp\/v2\/posts"}],"about":[{"href":"https:\/\/diariodominicano.com\/index.php?rest_route=\/wp\/v2\/types\/post"}],"author":[{"embeddable":true,"href":"https:\/\/diariodominicano.com\/index.php?rest_route=\/wp\/v2\/users\/5"}],"replies":[{"embeddable":true,"href":"https:\/\/diariodominicano.com\/index.php?rest_route=%2Fwp%2Fv2%2Fcomments&post=315382"}],"version-history":[{"count":1,"href":"https:\/\/diariodominicano.com\/index.php?rest_route=\/wp\/v2\/posts\/315382\/revisions"}],"predecessor-version":[{"id":315384,"href":"https:\/\/diariodominicano.com\/index.php?rest_route=\/wp\/v2\/posts\/315382\/revisions\/315384"}],"wp:featuredmedia":[{"embeddable":true,"href":"https:\/\/diariodominicano.com\/index.php?rest_route=\/wp\/v2\/media\/315383"}],"wp:attachment":[{"href":"https:\/\/diariodominicano.com\/index.php?rest_route=%2Fwp%2Fv2%2Fmedia&parent=315382"}],"wp:term":[{"taxonomy":"category","embeddable":true,"href":"https:\/\/diariodominicano.com\/index.php?rest_route=%2Fwp%2Fv2%2Fcategories&post=315382"},{"taxonomy":"post_tag","embeddable":true,"href":"https:\/\/diariodominicano.com\/index.php?rest_route=%2Fwp%2Fv2%2Ftags&post=315382"}],"curies":[{"name":"wp","href":"https:\/\/api.w.org\/{rel}","templated":true}]}}