{"id":315368,"date":"2021-12-09T20:58:47","date_gmt":"2021-12-10T00:58:47","guid":{"rendered":"http:\/\/diariodominicano.com\/?p=315368"},"modified":"2021-12-09T20:58:47","modified_gmt":"2021-12-10T00:58:47","slug":"al-menos-49-migrantes-muertos-y-decenas-de-heridos-deja-volcadura-de-camion-en-sur-de-mexico","status":"publish","type":"post","link":"https:\/\/diariodominicano.com\/?p=315368","title":{"rendered":"Al menos 49 migrantes muertos y decenas de heridos deja volcadura de cami\u00f3n en sur de M\u00e9xico"},"content":{"rendered":"\n<p>diariodominicano.com<\/p>\n\n\n\n<pre id=\"text-news-description\" class=\"wp-block-preformatted\">   M\u00c9XICO, 9 dic (Xinhua) -- Al menos 49 migrantes hacinados en una caja de cami\u00f3n fallecieron este jueves tras volcar la unidad en una carretera en el sure\u00f1o estado mexicano de Chiapas, confirmaron fuentes de Protecci\u00f3n Civil de la entidad.\n   El tr\u00e1iler cargado con migrantes centroamericanos, en su mayor\u00eda de Guatemala, volc\u00f3 alrededor de las 15:30 hora local en la carretera que conduce de Tuxtla Guti\u00e9rrez a Chiapa de Corzo, accidente en el que 58 otras personas resultaron lesionadas, precis\u00f3 en entrevista televisiva, Luis Manuel Garc\u00eda, secretario de Protecci\u00f3n Civil de Chiapas.\n   Garc\u00eda explic\u00f3 que el percance se habr\u00eda originado por una falla mec\u00e1nica en una de las curvas de esta carretera, lo que hizo que se impactara en un muro de contenci\u00f3n al momento que sali\u00f3 de una curva, para luego impactarse contra el muro de un puente peatonal.\n   En las cajas del tr\u00e1iler, seg\u00fan el funcionario, viajaban 107 personas de diferentes nacionalidades.<\/pre>\n\n\n\n<figure class=\"wp-block-image size-full\"><img loading=\"lazy\" decoding=\"async\" width=\"360\" height=\"188\" src=\"https:\/\/diariodominicano.com\/wp-content\/uploads\/2021\/12\/ChiapasaccidenteMigrantes9-12-21.jpg\" alt=\"\" class=\"wp-image-315380\" srcset=\"https:\/\/diariodominicano.com\/wp-content\/uploads\/2021\/12\/ChiapasaccidenteMigrantes9-12-21.jpg 360w, https:\/\/diariodominicano.com\/wp-content\/uploads\/2021\/12\/ChiapasaccidenteMigrantes9-12-21-300x157.jpg 300w\" sizes=\"auto, (max-width: 360px) 100vw, 360px\" \/><\/figure>\n\n\n\n<p><\/p>\n","protected":false},"excerpt":{"rendered":"<p>diariodominicano.com M\u00c9XICO, 9 dic (Xinhua) &#8212; Al menos 49 migrantes hacinados en una caja de cami\u00f3n fallecieron este jueves tras volcar la unidad en una carretera en el sure\u00f1o estado mexicano de Chiapas, confirmaron fuentes de Protecci\u00f3n Civil de la entidad. El tr\u00e1iler cargado con migrantes centroamericanos, en su mayor\u00eda de Guatemala, volc\u00f3 alrededor de [&hellip;]<\/p>\n","protected":false},"author":5,"featured_media":315379,"comment_status":"closed","ping_status":"","sticky":true,"template":"","format":"standard","meta":{"footnotes":""},"categories":[23,27],"tags":[],"class_list":["post-315368","post","type-post","status-publish","format-standard","has-post-thumbnail","hentry","category-internacional","category-portada"],"_links":{"self":[{"href":"https:\/\/diariodominicano.com\/index.php?rest_route=\/wp\/v2\/posts\/315368","targetHints":{"allow":["GET"]}}],"collection":[{"href":"https:\/\/diariodominicano.com\/index.php?rest_route=\/wp\/v2\/posts"}],"about":[{"href":"https:\/\/diariodominicano.com\/index.php?rest_route=\/wp\/v2\/types\/post"}],"author":[{"embeddable":true,"href":"https:\/\/diariodominicano.com\/index.php?rest_route=\/wp\/v2\/users\/5"}],"replies":[{"embeddable":true,"href":"https:\/\/diariodominicano.com\/index.php?rest_route=%2Fwp%2Fv2%2Fcomments&post=315368"}],"version-history":[{"count":1,"href":"https:\/\/diariodominicano.com\/index.php?rest_route=\/wp\/v2\/posts\/315368\/revisions"}],"predecessor-version":[{"id":315381,"href":"https:\/\/diariodominicano.com\/index.php?rest_route=\/wp\/v2\/posts\/315368\/revisions\/315381"}],"wp:featuredmedia":[{"embeddable":true,"href":"https:\/\/diariodominicano.com\/index.php?rest_route=\/wp\/v2\/media\/315379"}],"wp:attachment":[{"href":"https:\/\/diariodominicano.com\/index.php?rest_route=%2Fwp%2Fv2%2Fmedia&parent=315368"}],"wp:term":[{"taxonomy":"category","embeddable":true,"href":"https:\/\/diariodominicano.com\/index.php?rest_route=%2Fwp%2Fv2%2Fcategories&post=315368"},{"taxonomy":"post_tag","embeddable":true,"href":"https:\/\/diariodominicano.com\/index.php?rest_route=%2Fwp%2Fv2%2Ftags&post=315368"}],"curies":[{"name":"wp","href":"https:\/\/api.w.org\/{rel}","templated":true}]}}