{"id":315330,"date":"2021-12-09T18:59:40","date_gmt":"2021-12-09T22:59:40","guid":{"rendered":"http:\/\/diariodominicano.com\/?p=315330"},"modified":"2021-12-09T19:03:01","modified_gmt":"2021-12-09T23:03:01","slug":"anuncian-provincial-de-gimnasia-navidena-para-el-proximo-domingo-en-la-barranquita","status":"publish","type":"post","link":"https:\/\/diariodominicano.com\/?p=315330","title":{"rendered":"Anuncian provincial de gimnasia navide\u00f1a para el pr\u00f3ximo domingo en La Barranquita"},"content":{"rendered":"\n<p> <strong>Timoteo P\u00e9rez<\/strong> <\/p>\n\n\n\n<p><strong>SANTIAGO, RD, 9 de diciembre de 2021.- .-<\/strong>\u00a0La Asociaci\u00f3n de Gimnasia de Santiago anunci\u00f3 para el pr\u00f3ximo domingo a partir de las 9:30am, el torneo provincial navide\u00f1o de ese deporte, en su pabell\u00f3n del complejo deportivo de La Barranquita.<\/p>\n\n\n\n<p><strong>E<\/strong>l ingeniero, Timoteo P\u00e9rez, presidente de la entidad organizadora, al dar a conocer la actividad, dijo que participar\u00e1n atletas locales, masculinos y femeninos, desde la categor\u00eda \u201cbaby gym\u201d hasta el nivel 5 de competencia.<\/p>\n\n\n\n<p><strong>\u201cT<\/strong>odo est\u00e1 listo para la competencia del domingo, los atletas de todas las edades y sus padres est\u00e1n felices por el evento, son tiempos dif\u00edciles por la pandemia y hay que celebrar la oportunidad\u201d, dijo el ingeniero P\u00e9rez.<\/p>\n\n\n\n<p><strong>P<\/strong>ara el evento se han cursado las invitaciones de rigor, comenzando por el presidente de la Federaci\u00f3n Dominicana de Gimnasia, ingeniero Edwin Rodr\u00edguez, entre otras personalidades.<\/p>\n\n\n\n<p>Agradeci\u00f3 el auspicio de,\u00a0Baldom, Cooperativa Real, Coraasan, La Fabril, Cibao Color, Arizolin, Miderec, Coca Cola y la Fedogim.<\/p>\n\n\n\n<p><\/p>\n\n\n\n<p>Oscar Polanco<a target=\"_blank\" href=\"mailto:oscarpolanco.santiagord@gmail.com\" rel=\"noreferrer noopener\">oscarpolanco.santiagord@gmail.com<\/a><\/p>\n","protected":false},"excerpt":{"rendered":"<p>Timoteo P\u00e9rez SANTIAGO, RD, 9 de diciembre de 2021.- .-\u00a0La Asociaci\u00f3n de Gimnasia de Santiago anunci\u00f3 para el pr\u00f3ximo domingo a partir de las 9:30am, el torneo provincial navide\u00f1o de ese deporte, en su pabell\u00f3n del complejo deportivo de La Barranquita. El ingeniero, Timoteo P\u00e9rez, presidente de la entidad organizadora, al dar a conocer la [&hellip;]<\/p>\n","protected":false},"author":28,"featured_media":315332,"comment_status":"closed","ping_status":"","sticky":true,"template":"","format":"standard","meta":{"footnotes":""},"categories":[17,27],"tags":[],"class_list":["post-315330","post","type-post","status-publish","format-standard","has-post-thumbnail","hentry","category-deportes","category-portada"],"_links":{"self":[{"href":"https:\/\/diariodominicano.com\/index.php?rest_route=\/wp\/v2\/posts\/315330","targetHints":{"allow":["GET"]}}],"collection":[{"href":"https:\/\/diariodominicano.com\/index.php?rest_route=\/wp\/v2\/posts"}],"about":[{"href":"https:\/\/diariodominicano.com\/index.php?rest_route=\/wp\/v2\/types\/post"}],"author":[{"embeddable":true,"href":"https:\/\/diariodominicano.com\/index.php?rest_route=\/wp\/v2\/users\/28"}],"replies":[{"embeddable":true,"href":"https:\/\/diariodominicano.com\/index.php?rest_route=%2Fwp%2Fv2%2Fcomments&post=315330"}],"version-history":[{"count":2,"href":"https:\/\/diariodominicano.com\/index.php?rest_route=\/wp\/v2\/posts\/315330\/revisions"}],"predecessor-version":[{"id":315333,"href":"https:\/\/diariodominicano.com\/index.php?rest_route=\/wp\/v2\/posts\/315330\/revisions\/315333"}],"wp:featuredmedia":[{"embeddable":true,"href":"https:\/\/diariodominicano.com\/index.php?rest_route=\/wp\/v2\/media\/315332"}],"wp:attachment":[{"href":"https:\/\/diariodominicano.com\/index.php?rest_route=%2Fwp%2Fv2%2Fmedia&parent=315330"}],"wp:term":[{"taxonomy":"category","embeddable":true,"href":"https:\/\/diariodominicano.com\/index.php?rest_route=%2Fwp%2Fv2%2Fcategories&post=315330"},{"taxonomy":"post_tag","embeddable":true,"href":"https:\/\/diariodominicano.com\/index.php?rest_route=%2Fwp%2Fv2%2Ftags&post=315330"}],"curies":[{"name":"wp","href":"https:\/\/api.w.org\/{rel}","templated":true}]}}