{"id":315309,"date":"2021-12-09T18:35:23","date_gmt":"2021-12-09T22:35:23","guid":{"rendered":"http:\/\/diariodominicano.com\/?p=315309"},"modified":"2021-12-09T18:38:45","modified_gmt":"2021-12-09T22:38:45","slug":"inauguraran-este-viernes-a-las-500-pm-etapa-cibao-central-juegos-deportivos-interprovinciales-navidenos","status":"publish","type":"post","link":"https:\/\/diariodominicano.com\/?p=315309","title":{"rendered":"Inaugurar\u00e1n este viernes a las 5:00 pm\u00a0etapa Cibao Central\u00a0Juegos Deportivos Interprovinciales Navide\u00f1os"},"content":{"rendered":"\n<p> <strong>Desde la izquierda, Leonardo Pe\u00f1a, Juan Vila, Rosa Santos, Tony Pe\u00f1a R y Nelson Cabrera Jr<\/strong> <\/p>\n\n\n\n<p><strong>Oscar Polanco <\/strong><\/p>\n\n\n\n<p><strong>SANTIAGO DE LOS CABALLEROS, Santiago, RD, 9 de diciembre de 2021.- <\/strong>\u00a0El inmortal del deporte dominicano, licenciado Juan Vila, viceministro de desarrollo deportivo para la regi\u00f3n norte, anunci\u00f3 recientemente en conferencia de prensa realizada en la Gobernaci\u00f3n provincial, la inauguraci\u00f3n de la etapa Cibao Central de los primeros Juegos Deportivos Interprovinciales Navide\u00f1os, Miderec\u20192021, teniendo como escenario la Gran Arena del Cibao, doctor Oscar Gobaira.<\/p>\n\n\n\n<p><\/p>\n\n\n\n<p><strong>L<\/strong>as disciplinas de, voleibol, baloncesto, baloncesto 3\u00d73, softbol y b\u00e9isbol, se llevar\u00e1 a cabo en la etapa Cibao Central, con la participaci\u00f3n de las provincias de, La Vega, Espaillat (Moca), Monse\u00f1or Nouel (Bonao), Puerto Plata y los anfitriones, Santiago.<\/p>\n\n\n\n<p><strong>L<\/strong>a inauguraci\u00f3n ser\u00e1 este viernes a las cinco de la tarde en la Gran Arena del Cibao, seg\u00fan se dijo en la rueda de prensa, donde el licenciado Vila inform\u00f3 que la gobernadora de Santiago, licenciada Rosa Santos, es la presidente del Comit\u00e9 Organizador.<\/p>\n\n\n\n<p><strong>D<\/strong>e su lado, la licenciada Rosa Santos, agradeci\u00f3 el gesto y puntualiz\u00f3 que, tiene un compromiso con el deporte de la provincia de Santiago en sentido general y luchar\u00e1 para que las instalaciones deportivas est\u00e9n en buenas condiciones y trabajar\u00e1, adem\u00e1s, por el bienestar de los atletas y dirigentes.<\/p>\n\n\n\n<p><strong>A<\/strong>compa\u00f1aron al licenciado Juan Vila y a la licenciada Rosa Santos, los se\u00f1ores, Tony Pe\u00f1a Rodr\u00edguez, director provincial de deportes Miderec; Leonardo Pe\u00f1a y Nelson Cabrera jr, coordinadores zonales del Ministerio Dominicano de Deportes.<\/p>\n\n\n\n<p><\/p>\n","protected":false},"excerpt":{"rendered":"<p>Desde la izquierda, Leonardo Pe\u00f1a, Juan Vila, Rosa Santos, Tony Pe\u00f1a R y Nelson Cabrera Jr Oscar Polanco SANTIAGO DE LOS CABALLEROS, Santiago, RD, 9 de diciembre de 2021.- \u00a0El inmortal del deporte dominicano, licenciado Juan Vila, viceministro de desarrollo deportivo para la regi\u00f3n norte, anunci\u00f3 recientemente en conferencia de prensa realizada en la Gobernaci\u00f3n [&hellip;]<\/p>\n","protected":false},"author":28,"featured_media":315310,"comment_status":"closed","ping_status":"","sticky":true,"template":"","format":"standard","meta":{"footnotes":""},"categories":[17],"tags":[],"class_list":["post-315309","post","type-post","status-publish","format-standard","has-post-thumbnail","hentry","category-deportes"],"_links":{"self":[{"href":"https:\/\/diariodominicano.com\/index.php?rest_route=\/wp\/v2\/posts\/315309","targetHints":{"allow":["GET"]}}],"collection":[{"href":"https:\/\/diariodominicano.com\/index.php?rest_route=\/wp\/v2\/posts"}],"about":[{"href":"https:\/\/diariodominicano.com\/index.php?rest_route=\/wp\/v2\/types\/post"}],"author":[{"embeddable":true,"href":"https:\/\/diariodominicano.com\/index.php?rest_route=\/wp\/v2\/users\/28"}],"replies":[{"embeddable":true,"href":"https:\/\/diariodominicano.com\/index.php?rest_route=%2Fwp%2Fv2%2Fcomments&post=315309"}],"version-history":[{"count":3,"href":"https:\/\/diariodominicano.com\/index.php?rest_route=\/wp\/v2\/posts\/315309\/revisions"}],"predecessor-version":[{"id":315313,"href":"https:\/\/diariodominicano.com\/index.php?rest_route=\/wp\/v2\/posts\/315309\/revisions\/315313"}],"wp:featuredmedia":[{"embeddable":true,"href":"https:\/\/diariodominicano.com\/index.php?rest_route=\/wp\/v2\/media\/315310"}],"wp:attachment":[{"href":"https:\/\/diariodominicano.com\/index.php?rest_route=%2Fwp%2Fv2%2Fmedia&parent=315309"}],"wp:term":[{"taxonomy":"category","embeddable":true,"href":"https:\/\/diariodominicano.com\/index.php?rest_route=%2Fwp%2Fv2%2Fcategories&post=315309"},{"taxonomy":"post_tag","embeddable":true,"href":"https:\/\/diariodominicano.com\/index.php?rest_route=%2Fwp%2Fv2%2Ftags&post=315309"}],"curies":[{"name":"wp","href":"https:\/\/api.w.org\/{rel}","templated":true}]}}