{"id":315304,"date":"2021-12-09T17:05:21","date_gmt":"2021-12-09T21:05:21","guid":{"rendered":"http:\/\/diariodominicano.com\/?p=315304"},"modified":"2021-12-09T17:05:21","modified_gmt":"2021-12-09T21:05:21","slug":"presidente-de-francia-pide-no-politizar-el-olimpismo","status":"publish","type":"post","link":"https:\/\/diariodominicano.com\/?p=315304","title":{"rendered":"Presidente de Francia pide no politizar el olimpismo"},"content":{"rendered":"\n<h1 class=\"wp-block-heading\"><\/h1>\n\n\n\n<p>Par\u00eds, 9 dic (Prensa Latina) El presidente franc\u00e9s, Emmanuel Macron, inst\u00f3 hoy a no politizar el olimpismo, y menos con medidas sin impacto alguno, en alusi\u00f3n al boicot diplom\u00e1tico liderado por Estados Unidos contra los Juegos Ol\u00edmpicos de Invierno Beijing-2022.<\/p>\n\n\n\n<ul class=\"wp-block-list\"><li>diciembre 9, 2021<\/li><li>CST15:20 (GMT) -0500<\/li><\/ul>\n\n\n\n<p>No politicemos el olimpismo, sobre todo con una acci\u00f3n peque\u00f1a y simb\u00f3lica, subray\u00f3 el mandatario en esta capital, durante una rueda de prensa para presentar las prioridades de Francia de cara a la presidencia rotatoria de la Uni\u00f3n Europea (UE), que comenzar\u00e1 el 1 de enero.<\/p>\n\n\n\n<p>De acuerdo con el jefe de Estado, si se va a tomar una medida, deber\u00eda ser con un resultado \u00fatil.<\/p>\n\n\n\n<p>Prefiero trabajar con el Comit\u00e9 Ol\u00edmpico Internacional (COI) para que se proteja a los atletas y las reglas del olimpismo sean respetadas, advirti\u00f3 en un contexto marcado por la decisi\u00f3n de Washington de lanzar un boicot diplom\u00e1tico a las olimpiadas de invierno, esgrimiendo alegadas violaciones de los derechos humanos por China.<\/p>\n\n\n\n<p>Para Macron, un boicot no es enviar atletas, es una decisi\u00f3n mayor, como la que el mundo vio durante las citas bajo los cinco aros de Mosc\u00fa-1980 y Los \u00c1ngeles-1984, en plena Guerra Fr\u00eda.<\/p>\n\n\n\n<p>Hasta ahora nadie ha dicho que no enviar\u00e1 deportistas, por tanto es algo simb\u00f3lico, expuso despu\u00e9s de que Estados Unidos anunciara que sus atletas competir\u00e1n en Beijing-2022, pero no mandar\u00e1 delegaci\u00f3n oficial, postura imitada por Australia, Canad\u00e1, Nueva Zelanda y Reino Unido.<\/p>\n\n\n\n<p>Seg\u00fan el presidente franc\u00e9s, en los pr\u00f3ximos d\u00edas su pa\u00eds abordar\u00e1 con los socios de la UE y el COI el camino a seguir.<\/p>\n\n\n\n<p>M\u00e1s temprano, el ministro de Educaci\u00f3n, Juventud y Deportes Jean-Michel Blanquer descart\u00f3 la participaci\u00f3n de Par\u00eds en el boicot diplom\u00e1tico, y pidi\u00f3 preservar al m\u00e1ximo el deporte de interferencias pol\u00edticas, \u201cde lo contrario, las cosas pudieran ir en cualquier direcci\u00f3n y acabaremos matando todas las competiciones\u201d.<\/p>\n\n\n\n<p>Asimismo, inform\u00f3 que la ministra delegada para el Deporte, Roxana Maracineanu, acudir\u00e1 a la cita invernal bajo los cinco aros de la capital china.<\/p>\n\n\n\n<p>Sin embargo, horas despu\u00e9s su entorno aleg\u00f3 una supuesta mala interpretaci\u00f3n de las palabras del funcionario y aclar\u00f3 que la decisi\u00f3n ser\u00e1 tomada en coordinaci\u00f3n con la UE.<\/p>\n\n\n\n<p>msm\/wmr<\/p>\n","protected":false},"excerpt":{"rendered":"<p>Par\u00eds, 9 dic (Prensa Latina) El presidente franc\u00e9s, Emmanuel Macron, inst\u00f3 hoy a no politizar el olimpismo, y menos con medidas sin impacto alguno, en alusi\u00f3n al boicot diplom\u00e1tico liderado por Estados Unidos contra los Juegos Ol\u00edmpicos de Invierno Beijing-2022. diciembre 9, 2021 CST15:20 (GMT) -0500 No politicemos el olimpismo, sobre todo con una acci\u00f3n [&hellip;]<\/p>\n","protected":false},"author":2,"featured_media":315305,"comment_status":"closed","ping_status":"","sticky":true,"template":"","format":"standard","meta":{"footnotes":""},"categories":[17,27],"tags":[],"class_list":["post-315304","post","type-post","status-publish","format-standard","has-post-thumbnail","hentry","category-deportes","category-portada"],"_links":{"self":[{"href":"https:\/\/diariodominicano.com\/index.php?rest_route=\/wp\/v2\/posts\/315304","targetHints":{"allow":["GET"]}}],"collection":[{"href":"https:\/\/diariodominicano.com\/index.php?rest_route=\/wp\/v2\/posts"}],"about":[{"href":"https:\/\/diariodominicano.com\/index.php?rest_route=\/wp\/v2\/types\/post"}],"author":[{"embeddable":true,"href":"https:\/\/diariodominicano.com\/index.php?rest_route=\/wp\/v2\/users\/2"}],"replies":[{"embeddable":true,"href":"https:\/\/diariodominicano.com\/index.php?rest_route=%2Fwp%2Fv2%2Fcomments&post=315304"}],"version-history":[{"count":1,"href":"https:\/\/diariodominicano.com\/index.php?rest_route=\/wp\/v2\/posts\/315304\/revisions"}],"predecessor-version":[{"id":315306,"href":"https:\/\/diariodominicano.com\/index.php?rest_route=\/wp\/v2\/posts\/315304\/revisions\/315306"}],"wp:featuredmedia":[{"embeddable":true,"href":"https:\/\/diariodominicano.com\/index.php?rest_route=\/wp\/v2\/media\/315305"}],"wp:attachment":[{"href":"https:\/\/diariodominicano.com\/index.php?rest_route=%2Fwp%2Fv2%2Fmedia&parent=315304"}],"wp:term":[{"taxonomy":"category","embeddable":true,"href":"https:\/\/diariodominicano.com\/index.php?rest_route=%2Fwp%2Fv2%2Fcategories&post=315304"},{"taxonomy":"post_tag","embeddable":true,"href":"https:\/\/diariodominicano.com\/index.php?rest_route=%2Fwp%2Fv2%2Ftags&post=315304"}],"curies":[{"name":"wp","href":"https:\/\/api.w.org\/{rel}","templated":true}]}}