{"id":315292,"date":"2021-12-09T14:34:03","date_gmt":"2021-12-09T18:34:03","guid":{"rendered":"http:\/\/diariodominicano.com\/?p=315292"},"modified":"2021-12-09T14:36:59","modified_gmt":"2021-12-09T18:36:59","slug":"francia-y-rd-firman-acuerdos-historicos-para-el-desarrollo-del-sistema-de-transporte-masivo","status":"publish","type":"post","link":"https:\/\/diariodominicano.com\/?p=315292","title":{"rendered":"Francia y RD firman acuerdos hist\u00f3ricos para el desarrollo del sistema de transporte masivo"},"content":{"rendered":"\n<p>diariodominicano.com<\/p>\n\n\n\n<p>Santo Domingo, R. D., 9 de diciembre, 2021.- Francia y la Rep\u00fablica Dominicana firman acuerdos hist\u00f3ricos a favor de la mejora de la movilidad urbana y el desarrollo del sistema de transporte masivo de la Rep\u00fablica Dominicana.<\/p>\n\n\n\n<p>El acuerdo fue suscrito por el ministro de la Presidencia, Lisandro Macarrulla, en representaci\u00f3n del Estado dominicano, y el ministro franc\u00e9s de Comercio Exterior, Franck Riester, en representaci\u00f3n del estado franc\u00e9s.<\/p>\n\n\n\n<p>Estas firmas estuvieron enmarcadas en la realizaci\u00f3n de la Semana de Francia organizada por la C\u00e1mara de Comercio e Industria Franco-Dominicana.<\/p>\n\n\n\n<p>Se trata, primero, de un convenio bilateral entre ambas naciones en donde se comprometen a trabajar en conjunto para el desarrollo de la red de transporte masivo de las ciudades de Santo Domingo y Santiago de los Caballeros. El acuerdo permitir\u00e1 la cooperaci\u00f3n t\u00e9cnica y financiera de las empresas francesas que han desarrollado los sistemas de transporte masivo en la Rep\u00fablica Dominicana, y la construcci\u00f3n de los nuevos proyectos del Monorriel en la ciudad de Santiago y del Tren Metropolitano hasta el Aeropuerto Internacional de Las Am\u00e9ricas, en la capital dominicana.<\/p>\n\n\n\n<p>En el evento, tambi\u00e9n se consign\u00f3 la firma de un contrato de cr\u00e9dito de 86 millones de euros por parte de la Agencia Francesa de Desarrollo, que permitir\u00e1 duplicar la longitud de los trenes del metro de la l\u00ednea 1 (alargamiento de 3 a 6 coches), con el fin de transportar alrededor de 66,000 pasajeros adicionales por d\u00eda laborable en esta l\u00ednea y, en consecuencia, reducir las filas de espera en las horas pico. Este contrato forma parte de un marco estrat\u00e9gico global formalizado en la Hoja de Ruta de Cooperaci\u00f3n 2021-2023 entre el Grupo AFD y la Rep\u00fablica Dominicana, que describe las perspectivas de cooperaci\u00f3n t\u00e9cnica y financiera para acompa\u00f1ar las transiciones ecol\u00f3gicas, clim\u00e1ticas, sociales y econ\u00f3micas del pa\u00eds.<\/p>\n\n\n\n<p>Los acuerdos logrados por el Gobierno Dominicano con el apoyo del Gobierno Franc\u00e9s, permitir\u00e1n que la Rep\u00fablica Dominicana alcance la mayor cobertura territorial de los sistemas de transporte masivo. Esto contribuye a la calidad de vida de los ciudadanos mediante la reducci\u00f3n del gasto de transporte, que representa el 25% de las familias de escasos recursos, y a reducir la huella de carbono a trav\u00e9s de la implementaci\u00f3n de sistemas sostenibles. El seguimiento y la implementaci\u00f3n de estos proyectos est\u00e1n a cargo de la Oficina para el Desarrollo de Proyectos de Movilidad Urbana e Interurbana, la cual depende del Ministerio de la Presidencia (MINPRE).<\/p>\n\n\n\n<p>La firma de estos acuerdos pone de manifiesto la confianza depositada en la experiencia francesa tanto en materia tecnol\u00f3gica como financiera.<\/p>\n\n\n\n<p>La Semana de Francia se desarrolla esta semana en la capital dominicana bajo el tema de la \u201cCiudad Sostenible\u201d y ha permitido, adem\u00e1s de los temas del transporte urbano, intercambiar sobre los temas de financiaci\u00f3n verde, ciudad inteligente, energ\u00edas renovables y agua, saneamiento y desechos.<\/p>\n\n\n\n<p>Fuente: Direcci\u00f3n de Estrategia y Comunicaci\u00f3n Gubernamental<\/p>\n\n\n\n<p>Ministerio Administrativo de la Presidencia de la Rep\u00fablica Dominicana<\/p>\n","protected":false},"excerpt":{"rendered":"<p>diariodominicano.com Santo Domingo, R. D., 9 de diciembre, 2021.- Francia y la Rep\u00fablica Dominicana firman acuerdos hist\u00f3ricos a favor de la mejora de la movilidad urbana y el desarrollo del sistema de transporte masivo de la Rep\u00fablica Dominicana. El acuerdo fue suscrito por el ministro de la Presidencia, Lisandro Macarrulla, en representaci\u00f3n del Estado dominicano, [&hellip;]<\/p>\n","protected":false},"author":5,"featured_media":315300,"comment_status":"closed","ping_status":"","sticky":true,"template":"","format":"standard","meta":{"footnotes":""},"categories":[23,27],"tags":[],"class_list":["post-315292","post","type-post","status-publish","format-standard","has-post-thumbnail","hentry","category-internacional","category-portada"],"_links":{"self":[{"href":"https:\/\/diariodominicano.com\/index.php?rest_route=\/wp\/v2\/posts\/315292","targetHints":{"allow":["GET"]}}],"collection":[{"href":"https:\/\/diariodominicano.com\/index.php?rest_route=\/wp\/v2\/posts"}],"about":[{"href":"https:\/\/diariodominicano.com\/index.php?rest_route=\/wp\/v2\/types\/post"}],"author":[{"embeddable":true,"href":"https:\/\/diariodominicano.com\/index.php?rest_route=\/wp\/v2\/users\/5"}],"replies":[{"embeddable":true,"href":"https:\/\/diariodominicano.com\/index.php?rest_route=%2Fwp%2Fv2%2Fcomments&post=315292"}],"version-history":[{"count":1,"href":"https:\/\/diariodominicano.com\/index.php?rest_route=\/wp\/v2\/posts\/315292\/revisions"}],"predecessor-version":[{"id":315297,"href":"https:\/\/diariodominicano.com\/index.php?rest_route=\/wp\/v2\/posts\/315292\/revisions\/315297"}],"wp:featuredmedia":[{"embeddable":true,"href":"https:\/\/diariodominicano.com\/index.php?rest_route=\/wp\/v2\/media\/315300"}],"wp:attachment":[{"href":"https:\/\/diariodominicano.com\/index.php?rest_route=%2Fwp%2Fv2%2Fmedia&parent=315292"}],"wp:term":[{"taxonomy":"category","embeddable":true,"href":"https:\/\/diariodominicano.com\/index.php?rest_route=%2Fwp%2Fv2%2Fcategories&post=315292"},{"taxonomy":"post_tag","embeddable":true,"href":"https:\/\/diariodominicano.com\/index.php?rest_route=%2Fwp%2Fv2%2Ftags&post=315292"}],"curies":[{"name":"wp","href":"https:\/\/api.w.org\/{rel}","templated":true}]}}