{"id":315273,"date":"2021-12-09T14:12:49","date_gmt":"2021-12-09T18:12:49","guid":{"rendered":"http:\/\/diariodominicano.com\/?p=315273"},"modified":"2021-12-09T14:14:09","modified_gmt":"2021-12-09T18:14:09","slug":"club-villa-faro-inaugura-torneo-de-baloncesto-u-25","status":"publish","type":"post","link":"https:\/\/diariodominicano.com\/?p=315273","title":{"rendered":"Club Villa Faro Inaugura Torneo De Baloncesto U-25"},"content":{"rendered":"\n<p>Por:\u00a0<strong>Sobeyda Echavarria<\/strong><\/p>\n\n\n\n<p><strong>Santo Domingo Este, RD.-<\/strong>&nbsp;Con la participaci\u00f3n de 6 equipos ser\u00e1 inaugurado ma\u00f1ana viernes 10 de diciembre a las 6:00 pm el Torneo Municipal de Baloncesto U-25 del Club Deportivo y Cultural Villa Faro, dedicado In-memoriam al destacado baloncelista y expresidente Luis Sabat Aguilera quien fue en vida uno de los grandes propulsores del deporte y la cultura en Villa Faro.<\/p>\n\n\n\n<figure class=\"wp-block-image size-large\"><img loading=\"lazy\" decoding=\"async\" width=\"1024\" height=\"666\" src=\"https:\/\/diariodominicano.com\/wp-content\/uploads\/2021\/12\/Barnner-del-Torneo-de-Baloncesto-U-25-Del-Club-Villa-Faro-1024x666.jpeg\" alt=\"\" class=\"wp-image-315279\" srcset=\"https:\/\/diariodominicano.com\/wp-content\/uploads\/2021\/12\/Barnner-del-Torneo-de-Baloncesto-U-25-Del-Club-Villa-Faro-1024x666.jpeg 1024w, https:\/\/diariodominicano.com\/wp-content\/uploads\/2021\/12\/Barnner-del-Torneo-de-Baloncesto-U-25-Del-Club-Villa-Faro-300x195.jpeg 300w, https:\/\/diariodominicano.com\/wp-content\/uploads\/2021\/12\/Barnner-del-Torneo-de-Baloncesto-U-25-Del-Club-Villa-Faro-768x499.jpeg 768w, https:\/\/diariodominicano.com\/wp-content\/uploads\/2021\/12\/Barnner-del-Torneo-de-Baloncesto-U-25-Del-Club-Villa-Faro-816x531.jpeg 816w, https:\/\/diariodominicano.com\/wp-content\/uploads\/2021\/12\/Barnner-del-Torneo-de-Baloncesto-U-25-Del-Club-Villa-Faro.jpeg 1261w\" sizes=\"auto, (max-width: 1024px) 100vw, 1024px\" \/><\/figure>\n\n\n\n<p><br>El torneo cuenta con el apoyo y aval de la Asociaci\u00f3n de Baloncesto de la Provincia Santo Domingo y es ya tradici\u00f3n en la comunidad deportiva de Santo Domingo Este su realizaci\u00f3n, por lo que se espera la asistencia de un gran p\u00fablico, quienes presencian y apoyan a sus equipos de preferencias. Los equipos que tomar\u00e1n participaci\u00f3n son:&nbsp;Lucerna, Pueblo Nuevo, La Esperanza, Villa Carmen, Invivienda Santo Domingo y Villa Faro como equipo anfitri\u00f3n. Uno de estos equipos buscar\u00e1 alzarse con la conquista de la copa U-25 SDE- 2021.<\/p>\n\n\n\n<figure class=\"wp-block-image size-large\"><img loading=\"lazy\" decoding=\"async\" width=\"754\" height=\"1024\" src=\"https:\/\/diariodominicano.com\/wp-content\/uploads\/2021\/12\/Copas-Del-Primer-y-Segundo-Lugar-Torneo-De-Baloncesto-U-25-754x1024.jpeg\" alt=\"\" class=\"wp-image-315281\" srcset=\"https:\/\/diariodominicano.com\/wp-content\/uploads\/2021\/12\/Copas-Del-Primer-y-Segundo-Lugar-Torneo-De-Baloncesto-U-25-754x1024.jpeg 754w, https:\/\/diariodominicano.com\/wp-content\/uploads\/2021\/12\/Copas-Del-Primer-y-Segundo-Lugar-Torneo-De-Baloncesto-U-25-221x300.jpeg 221w, https:\/\/diariodominicano.com\/wp-content\/uploads\/2021\/12\/Copas-Del-Primer-y-Segundo-Lugar-Torneo-De-Baloncesto-U-25-768x1042.jpeg 768w, https:\/\/diariodominicano.com\/wp-content\/uploads\/2021\/12\/Copas-Del-Primer-y-Segundo-Lugar-Torneo-De-Baloncesto-U-25-816x1108.jpeg 816w, https:\/\/diariodominicano.com\/wp-content\/uploads\/2021\/12\/Copas-Del-Primer-y-Segundo-Lugar-Torneo-De-Baloncesto-U-25.jpeg 943w\" sizes=\"auto, (max-width: 754px) 100vw, 754px\" \/><\/figure>\n\n\n\n<p>El Lic. Roberto Carlos Javier que Preside el Comit\u00e9 Organizador del Torneo estableci\u00f3 que los juegos se estar\u00e1n llevando a cabo del 10 al 19 de diciembre. Y que han tenido que hacer malabares pues la cancha Feliberto Pe\u00f1a, sede del torneo todav\u00eda no ha sido terminada su remodelaci\u00f3n por el Ministerio de Deportes, por lo que han tenido que acortar en este a\u00f1o el calendario de juego.<\/p>\n\n\n\n<p>Juan Carlos Saro presidente y l\u00edder de la organizaci\u00f3n y Director T\u00e9cnico del evento, nos expres\u00f3 los prop\u00f3sitos del torneo, estableciendo que el Club Villa Faro, fundado el 18 de Marzo del a\u00f1o 1972, se encuentra en un amplio programa de fomento de su escuela de Baloncesto con mira a la celebraci\u00f3n de sus 50 aniversario, y este evento busca estrechar a\u00fan m\u00e1s los lazos de amistad y confraternidad de la familia deportiva de nuestro municipio.<\/p>\n\n\n\n<p> Lic. Sobeyda Echavarria <\/p>\n\n\n\n<p><strong>Sucre Juli\u00e1n Barrera<\/strong>\u00a0&lt;sjb.torobravo@gmail.com><\/p>\n\n\n\n<p><strong>CALENDARIO JUEGOS\/ TORNEO COPA MUNICIPAL U-25\/ 2021<\/strong><\/p>\n\n\n\n<p>MODALIDAD\/ LOS (2) EQUIPOS DE MEJOR RECORD POR SU GRUPO DE (3) EQUIPOS.<\/p>\n\n\n\n<p><strong>VIERNES 10 DIC.<\/strong><\/p>\n\n\n\n<p>PRIMERA HORA\/ 6:30 PM<\/p>\n\n\n\n<p>GRUPO B<\/p>\n\n\n\n<p>VILLA CARMEN<\/p>\n\n\n\n<p>VS<\/p>\n\n\n\n<p>PUEBLO NUEVO<\/p>\n\n\n\n<p>CEREMONIA DE INAUGURACI\u00d3N<\/p>\n\n\n\n<p>HORA\/ 7:30 PM<\/p>\n\n\n\n<p>SEGUNDA HORA\/8:00PM<\/p>\n\n\n\n<p>GRUPO A<\/p>\n\n\n\n<p>LA ESPERANZA<\/p>\n\n\n\n<p>VS<\/p>\n\n\n\n<p>VILLA FARO<\/p>\n\n\n\n<p><strong>S\u00c1BADO 11 DIC.<\/strong><\/p>\n\n\n\n<p>PRIMERA HORA\/6:00PM<\/p>\n\n\n\n<p>GRUPO A<\/p>\n\n\n\n<p>LUCERNA<\/p>\n\n\n\n<p>VS<\/p>\n\n\n\n<p>LA ESPERANZA<\/p>\n\n\n\n<p>SEGUNDA HORA\/7:30PM<\/p>\n\n\n\n<p>GRUPO B<\/p>\n\n\n\n<p>INVIVIENDA<\/p>\n\n\n\n<p>VS<\/p>\n\n\n\n<p>PUEBLO NUEVO<\/p>\n\n\n\n<p><strong>DOMINGO 12 DIC.<\/strong><\/p>\n\n\n\n<p>PRIMERA HORA\/6:00PM<\/p>\n\n\n\n<p>GRUPO B<\/p>\n\n\n\n<p>INVIVIENDA<\/p>\n\n\n\n<p>VS<\/p>\n\n\n\n<p>VILLA CARMEN<\/p>\n\n\n\n<p>SEGUNDA HORA\/7:30PM<\/p>\n\n\n\n<p>GRUPO A<\/p>\n\n\n\n<p>VILLA FARO<\/p>\n\n\n\n<p>VS<\/p>\n\n\n\n<p>LUCERNA<\/p>\n\n\n\n<p>-2DA RONDA- TODO CONTRA TODOS\/SERIE 3-2 MODALIDAD\/ ENFRENTAMIENTOS ENTRE LOS (4) EQUIPOS CLASIFICADOS.<\/p>\n\n\n\n<p><strong>JUEVES 16 DIC.<\/strong><\/p>\n\n\n\n<p>PRIMERA HORA\/ 6:30PM<\/p>\n\n\n\n<p>GRUPO B 1<\/p>\n\n\n\n<p>VS<\/p>\n\n\n\n<p>GRUPO A 2<\/p>\n\n\n\n<p>SEGUNDA HORA\/8:00PM<\/p>\n\n\n\n<p>GRUPO A 1<\/p>\n\n\n\n<p>VS<\/p>\n\n\n\n<p>GRUPO B 3<\/p>\n\n\n\n<p><strong>VIERNES 17 DIC.<\/strong><\/p>\n\n\n\n<p>PRIMERA HORA\/ 6:30 PM<\/p>\n\n\n\n<p>GRUPO B1<\/p>\n\n\n\n<p>VS<\/p>\n\n\n\n<p>GRUPO A4<\/p>\n\n\n\n<p>SEGUNDA HORA\/ 8:00PM<\/p>\n\n\n\n<p>GRUPO A2<\/p>\n\n\n\n<p>VS<\/p>\n\n\n\n<p>GRUPO B3<\/p>\n\n\n\n<p><strong>S\u00c1BADO 18 DIC.<\/strong><\/p>\n\n\n\n<p>PRIMERA HORA 6:00 PM<\/p>\n\n\n\n<p>GRUPO A2<\/p>\n\n\n\n<p>VS<\/p>\n\n\n\n<p>GRUPO A4<\/p>\n\n\n\n<p>(ACTO DE PROTOCOLAR)<\/p>\n\n\n\n<p>HORA\/ 7:30 PM.<\/p>\n\n\n\n<p>SEGUNDA HORA\/ 8:00PM<\/p>\n\n\n\n<p>GRUPO B 3<\/p>\n\n\n\n<p>VS<\/p>\n\n\n\n<p>GRUPO B 1<\/p>\n\n\n\n<p>NOTA: PASAN A UN JUEGO DE MUERTE S\u00daBITA LOS 2 MEJORES EQUIPOS POR GRUPOS.<\/p>\n\n\n\n<p><strong>DOMINGO 19\/ JUEGO FINAL<\/strong><\/p>\n\n\n\n<p>HORA\/ 7:00 PM<\/p>\n\n\n\n<p>EQUIPO A<\/p>\n\n\n\n<p>VS<\/p>\n\n\n\n<p>EQUIPO B<\/p>\n\n\n\n<p>COMISI\u00d3N ORGANIZADORA COPA MUNICIPAL DE BALONCESTO SDE&nbsp; U-25<\/p>\n\n\n\n<p>VILLA FARO 2021<\/p>\n\n\n\n<p><strong>Roberto Carlos Javier&nbsp; &nbsp; &nbsp; &nbsp; &nbsp; &nbsp; &nbsp; &nbsp; &nbsp; &nbsp; &nbsp; &nbsp; &nbsp; &nbsp; &nbsp; &nbsp; &nbsp; &nbsp; &nbsp; &nbsp; &nbsp; &nbsp; &nbsp; &nbsp; &nbsp; &nbsp; &nbsp; &nbsp; &nbsp;Juan Carlos Saro<\/strong><\/p>\n\n\n\n<p>&nbsp;&nbsp;&nbsp;&nbsp;&nbsp; Presidente&nbsp; &nbsp; &nbsp; &nbsp; &nbsp; &nbsp; &nbsp; &nbsp; &nbsp; &nbsp; &nbsp; &nbsp; &nbsp; &nbsp; &nbsp; &nbsp; &nbsp; &nbsp; &nbsp; &nbsp; &nbsp; &nbsp; &nbsp; &nbsp; &nbsp; &nbsp; &nbsp; &nbsp; &nbsp; &nbsp; &nbsp; &nbsp; &nbsp; &nbsp; &nbsp; &nbsp; &nbsp;Director T\u00e9cnico<\/p>\n\n\n\n<p>Comit\u00e9 Organizador&nbsp;&nbsp;&nbsp;&nbsp;&nbsp;&nbsp;&nbsp;&nbsp;&nbsp;&nbsp;&nbsp;&nbsp;&nbsp;&nbsp;&nbsp;&nbsp;&nbsp;&nbsp;&nbsp;&nbsp;&nbsp;&nbsp;&nbsp;&nbsp;&nbsp;&nbsp;&nbsp;&nbsp;&nbsp;&nbsp;&nbsp;&nbsp;&nbsp;&nbsp;&nbsp;&nbsp;&nbsp;&nbsp;&nbsp;&nbsp;&nbsp;&nbsp;&nbsp;&nbsp;&nbsp;&nbsp;&nbsp;&nbsp;&nbsp;&nbsp;&nbsp;&nbsp;&nbsp;&nbsp;&nbsp;&nbsp;&nbsp;&nbsp;&nbsp;&nbsp;&nbsp;&nbsp;<\/p>\n","protected":false},"excerpt":{"rendered":"<p>Por:\u00a0Sobeyda Echavarria Santo Domingo Este, RD.-&nbsp;Con la participaci\u00f3n de 6 equipos ser\u00e1 inaugurado ma\u00f1ana viernes 10 de diciembre a las 6:00 pm el Torneo Municipal de Baloncesto U-25 del Club Deportivo y Cultural Villa Faro, dedicado In-memoriam al destacado baloncelista y expresidente Luis Sabat Aguilera quien fue en vida uno de los grandes propulsores del [&hellip;]<\/p>\n","protected":false},"author":2,"featured_media":315277,"comment_status":"closed","ping_status":"","sticky":true,"template":"","format":"standard","meta":{"footnotes":""},"categories":[17,27],"tags":[],"class_list":["post-315273","post","type-post","status-publish","format-standard","has-post-thumbnail","hentry","category-deportes","category-portada"],"_links":{"self":[{"href":"https:\/\/diariodominicano.com\/index.php?rest_route=\/wp\/v2\/posts\/315273","targetHints":{"allow":["GET"]}}],"collection":[{"href":"https:\/\/diariodominicano.com\/index.php?rest_route=\/wp\/v2\/posts"}],"about":[{"href":"https:\/\/diariodominicano.com\/index.php?rest_route=\/wp\/v2\/types\/post"}],"author":[{"embeddable":true,"href":"https:\/\/diariodominicano.com\/index.php?rest_route=\/wp\/v2\/users\/2"}],"replies":[{"embeddable":true,"href":"https:\/\/diariodominicano.com\/index.php?rest_route=%2Fwp%2Fv2%2Fcomments&post=315273"}],"version-history":[{"count":3,"href":"https:\/\/diariodominicano.com\/index.php?rest_route=\/wp\/v2\/posts\/315273\/revisions"}],"predecessor-version":[{"id":315282,"href":"https:\/\/diariodominicano.com\/index.php?rest_route=\/wp\/v2\/posts\/315273\/revisions\/315282"}],"wp:featuredmedia":[{"embeddable":true,"href":"https:\/\/diariodominicano.com\/index.php?rest_route=\/wp\/v2\/media\/315277"}],"wp:attachment":[{"href":"https:\/\/diariodominicano.com\/index.php?rest_route=%2Fwp%2Fv2%2Fmedia&parent=315273"}],"wp:term":[{"taxonomy":"category","embeddable":true,"href":"https:\/\/diariodominicano.com\/index.php?rest_route=%2Fwp%2Fv2%2Fcategories&post=315273"},{"taxonomy":"post_tag","embeddable":true,"href":"https:\/\/diariodominicano.com\/index.php?rest_route=%2Fwp%2Fv2%2Ftags&post=315273"}],"curies":[{"name":"wp","href":"https:\/\/api.w.org\/{rel}","templated":true}]}}