{"id":315266,"date":"2021-12-09T14:05:01","date_gmt":"2021-12-09T18:05:01","guid":{"rendered":"http:\/\/diariodominicano.com\/?p=315266"},"modified":"2021-12-09T14:05:01","modified_gmt":"2021-12-09T18:05:01","slug":"asciende-a-43-cifra-de-muertos-por-erupcion-de-volcan-semeru-en-indonesia","status":"publish","type":"post","link":"https:\/\/diariodominicano.com\/?p=315266","title":{"rendered":"Asciende a 43 cifra de muertos por erupci\u00f3n de volc\u00e1n Semeru en Indonesia"},"content":{"rendered":"\n<p>diariodominicano.com<a rel=\"noreferrer noopener\" href=\"https:\/\/www.xinhua-news.com\/gdsdetailxhs\/share\/10706288-?pageflag=iframe\" target=\"_blank\"><\/a><\/p>\n\n\n\n<pre id=\"text-news-description\" class=\"wp-block-preformatted\">   YAKARTA, 9 dic (Xinhua) -- El n\u00famero de muertos por la erupci\u00f3n del Semeru, un volc\u00e1n de la isla indonesia de Java, ascendi\u00f3 a 43, en tanto que se reportaron 104 heridos, inform\u00f3 hoy jueves la Agencia Nacional de Gesti\u00f3n de Desastres.\n   El proceso de evacuaci\u00f3n de hoy se detuvo porque el lugar de b\u00fasqueda y rescate estaba cubierto de nubes oscuras y encapotadas y para evitar la inundaci\u00f3n de ceniza volc\u00e1nica, se\u00f1al\u00f3 el portavoz de la agencia, Abdul Muhari.\n   \"A partir de un informe visual, sal\u00eda humo espeso esta ma\u00f1ana desde el pico del Semeru hasta 1.000 metros en direcci\u00f3n oeste-suroeste\", dijo Muhari.\n   M\u00e1s de 6.000 personas permanecen en 121 puntos de evacuaci\u00f3n, ya que sus casas fueron arrastradas por la ceniza volc\u00e1nica o sus asentamientos se encuentran en la zona de peligro.\n   La erupci\u00f3n caus\u00f3 la muerte a miles de cabezas de ganado, como vacas y cabras, y tambi\u00e9n de aves de corral. Decenas de instalaciones p\u00fablicas, incluido un puente que conectaba los distritos, resultaron da\u00f1adas.\n   Las autoridades est\u00e1n revisando la construcci\u00f3n de un puente temporal de emergencia para conectar los distritos de Lumajang y Malang.\n   El volc\u00e1n de 3.676 metros de altura entr\u00f3 en erupci\u00f3n el s\u00e1bado.<\/pre>\n","protected":false},"excerpt":{"rendered":"<p>diariodominicano.com YAKARTA, 9 dic (Xinhua) &#8212; El n\u00famero de muertos por la erupci\u00f3n del Semeru, un volc\u00e1n de la isla indonesia de Java, ascendi\u00f3 a 43, en tanto que se reportaron 104 heridos, inform\u00f3 hoy jueves la Agencia Nacional de Gesti\u00f3n de Desastres. El proceso de evacuaci\u00f3n de hoy se detuvo porque el lugar de [&hellip;]<\/p>\n","protected":false},"author":5,"featured_media":315270,"comment_status":"closed","ping_status":"","sticky":true,"template":"","format":"standard","meta":{"footnotes":""},"categories":[23,27],"tags":[],"class_list":["post-315266","post","type-post","status-publish","format-standard","has-post-thumbnail","hentry","category-internacional","category-portada"],"_links":{"self":[{"href":"https:\/\/diariodominicano.com\/index.php?rest_route=\/wp\/v2\/posts\/315266","targetHints":{"allow":["GET"]}}],"collection":[{"href":"https:\/\/diariodominicano.com\/index.php?rest_route=\/wp\/v2\/posts"}],"about":[{"href":"https:\/\/diariodominicano.com\/index.php?rest_route=\/wp\/v2\/types\/post"}],"author":[{"embeddable":true,"href":"https:\/\/diariodominicano.com\/index.php?rest_route=\/wp\/v2\/users\/5"}],"replies":[{"embeddable":true,"href":"https:\/\/diariodominicano.com\/index.php?rest_route=%2Fwp%2Fv2%2Fcomments&post=315266"}],"version-history":[{"count":1,"href":"https:\/\/diariodominicano.com\/index.php?rest_route=\/wp\/v2\/posts\/315266\/revisions"}],"predecessor-version":[{"id":315271,"href":"https:\/\/diariodominicano.com\/index.php?rest_route=\/wp\/v2\/posts\/315266\/revisions\/315271"}],"wp:featuredmedia":[{"embeddable":true,"href":"https:\/\/diariodominicano.com\/index.php?rest_route=\/wp\/v2\/media\/315270"}],"wp:attachment":[{"href":"https:\/\/diariodominicano.com\/index.php?rest_route=%2Fwp%2Fv2%2Fmedia&parent=315266"}],"wp:term":[{"taxonomy":"category","embeddable":true,"href":"https:\/\/diariodominicano.com\/index.php?rest_route=%2Fwp%2Fv2%2Fcategories&post=315266"},{"taxonomy":"post_tag","embeddable":true,"href":"https:\/\/diariodominicano.com\/index.php?rest_route=%2Fwp%2Fv2%2Ftags&post=315266"}],"curies":[{"name":"wp","href":"https:\/\/api.w.org\/{rel}","templated":true}]}}