{"id":315259,"date":"2021-12-09T13:55:36","date_gmt":"2021-12-09T17:55:36","guid":{"rendered":"http:\/\/diariodominicano.com\/?p=315259"},"modified":"2021-12-09T13:55:36","modified_gmt":"2021-12-09T17:55:36","slug":"los-presidentes-de-rd-panama-y-costa-rica-se-reunen-por-segunda-vez-para-tratar-temas-de-la-region","status":"publish","type":"post","link":"https:\/\/diariodominicano.com\/?p=315259","title":{"rendered":"Los presidentes de RD, Panam\u00e1 y Costa Rica se re\u00fanen por segunda vez para tratar temas de la regi\u00f3n"},"content":{"rendered":"\n<p>diariodominicano.com<\/p>\n\n\n\n<p>Santo Domingo, R. D., 9 de diciembre, 2021.- Todo est\u00e1 listo para que este viernes 10 se inicie la Segunda Cumbre entre los presidentes de Costa Rica, Panam\u00e1 y Rep\u00fablica Dominicana, en la continuaci\u00f3n del di\u00e1logo que sobre los problemas de la regi\u00f3n abordaron en octubre pasado, en Panam\u00e1.<\/p>\n\n\n\n<p>La Cumbre, que s\u00f3lo incluye a estos tres pa\u00edses en la denominada Alianza Para el Desarrollo en Democracia, se llevar\u00e1 a cabo viernes y s\u00e1bado, con el presidente dominicano Luis Abinader como anfitri\u00f3n.<\/p>\n\n\n\n<p>Sus hom\u00f3logos, Carlos Alvarado Quezada, de Costa Rica, y Laurentino Cortizo Coh\u00e9n, de Panam\u00e1, tienen previsto arribar al pa\u00eds por el Aeropuerto Internacional Gregorio Luper\u00f3n, de Puerto Plata, a las 7:30 de la noche.<\/p>\n\n\n\n<p>Esa misma noche el presidente Abinader les ofrecer\u00e1&nbsp;una cena en honor de ellos y de su comitiva, incluidos representantes del sector empresarial de los tres pa\u00edses.<\/p>\n\n\n\n<p>El s\u00e1bado, de 9:00 a 10:00 de la ma\u00f1ana, los mandatarios sostendr\u00e1n un desayuno &#8211; encuentro privado.<\/p>\n\n\n\n<p>Posteriormente, de 10:30 a 11:30, los tres presidentes, Abinader, Cortizo y Alvarado, se reunir\u00e1n junto con sus cancilleres.&nbsp;<\/p>\n\n\n\n<p>Habr\u00e1 luego un espacio en el que recibir\u00e1n, de 11:45 a 1:15, un informe en materia comercial y econ\u00f3mica de parte de empresarios.<\/p>\n\n\n\n<p>Entre 1:30 y 3:30 el presidente Abinader&nbsp;ofrecer\u00e1 un almuerzo a los gobernantes.<\/p>\n\n\n\n<p>El acto de firma de la declaraci\u00f3n conjunta ser\u00e1 a las&nbsp;3:45 de la tarde, mientras que entre 4:15 y 5:00 est\u00e1 prevista la foto oficial y la declaraci\u00f3n de prensa de los presidentes acompa\u00f1ados de los cancilleres.<\/p>\n\n\n\n<p>Los presidentes Cortizo y Alvarado tienen programado partir a las 5:30 de la tarde del mismo s\u00e1bado.<\/p>\n\n\n\n<p>En septiembre pasado, al margen de la Asamblea General de la Organizaci\u00f3n de las Naciones Unidas&nbsp;(ONU)&nbsp;los tres l\u00edderes firmaron una declaraci\u00f3n donde expresaban profunda preocupaci\u00f3n por la crisis de Hait\u00ed.<\/p>\n\n\n\n<p>Con igual prop\u00f3sito, el 20 de\u00a0octubre se reunieron en Ciudad de Panam\u00e1, donde emitieron una declaraci\u00f3n conjunta para solicitar a la comunidad internacional una serie de acciones urgentes, orientadas a enfrentar la situaci\u00f3n haitiana.<\/p>\n\n\n\n<p>Fuente: Direcci\u00f3n de Estrategia y Comunicaci\u00f3n Gubernamental<\/p>\n\n\n\n<p>Ministerio Administrativo de la Presidencia de la Rep\u00fablica Dominicana<\/p>\n","protected":false},"excerpt":{"rendered":"<p>diariodominicano.com Santo Domingo, R. D., 9 de diciembre, 2021.- Todo est\u00e1 listo para que este viernes 10 se inicie la Segunda Cumbre entre los presidentes de Costa Rica, Panam\u00e1 y Rep\u00fablica Dominicana, en la continuaci\u00f3n del di\u00e1logo que sobre los problemas de la regi\u00f3n abordaron en octubre pasado, en Panam\u00e1. La Cumbre, que s\u00f3lo incluye [&hellip;]<\/p>\n","protected":false},"author":5,"featured_media":315263,"comment_status":"closed","ping_status":"","sticky":true,"template":"","format":"standard","meta":{"footnotes":""},"categories":[20,27],"tags":[],"class_list":["post-315259","post","type-post","status-publish","format-standard","has-post-thumbnail","hentry","category-dominicana-hoy","category-portada"],"_links":{"self":[{"href":"https:\/\/diariodominicano.com\/index.php?rest_route=\/wp\/v2\/posts\/315259","targetHints":{"allow":["GET"]}}],"collection":[{"href":"https:\/\/diariodominicano.com\/index.php?rest_route=\/wp\/v2\/posts"}],"about":[{"href":"https:\/\/diariodominicano.com\/index.php?rest_route=\/wp\/v2\/types\/post"}],"author":[{"embeddable":true,"href":"https:\/\/diariodominicano.com\/index.php?rest_route=\/wp\/v2\/users\/5"}],"replies":[{"embeddable":true,"href":"https:\/\/diariodominicano.com\/index.php?rest_route=%2Fwp%2Fv2%2Fcomments&post=315259"}],"version-history":[{"count":1,"href":"https:\/\/diariodominicano.com\/index.php?rest_route=\/wp\/v2\/posts\/315259\/revisions"}],"predecessor-version":[{"id":315265,"href":"https:\/\/diariodominicano.com\/index.php?rest_route=\/wp\/v2\/posts\/315259\/revisions\/315265"}],"wp:featuredmedia":[{"embeddable":true,"href":"https:\/\/diariodominicano.com\/index.php?rest_route=\/wp\/v2\/media\/315263"}],"wp:attachment":[{"href":"https:\/\/diariodominicano.com\/index.php?rest_route=%2Fwp%2Fv2%2Fmedia&parent=315259"}],"wp:term":[{"taxonomy":"category","embeddable":true,"href":"https:\/\/diariodominicano.com\/index.php?rest_route=%2Fwp%2Fv2%2Fcategories&post=315259"},{"taxonomy":"post_tag","embeddable":true,"href":"https:\/\/diariodominicano.com\/index.php?rest_route=%2Fwp%2Fv2%2Ftags&post=315259"}],"curies":[{"name":"wp","href":"https:\/\/api.w.org\/{rel}","templated":true}]}}