{"id":315243,"date":"2021-12-09T13:18:37","date_gmt":"2021-12-09T17:18:37","guid":{"rendered":"http:\/\/diariodominicano.com\/?p=315243"},"modified":"2021-12-09T13:18:37","modified_gmt":"2021-12-09T17:18:37","slug":"francia-confirma-que-no-se-unira-a-boicot-diplomatico-a-juegos-olimpicos-de-invierno-de-beijing","status":"publish","type":"post","link":"https:\/\/diariodominicano.com\/?p=315243","title":{"rendered":"Francia confirma que no se unir\u00e1 a boicot diplom\u00e1tico a Juegos Ol\u00edmpicos de Invierno de Beijing"},"content":{"rendered":"\n<p>diariodominicano.com<\/p>\n\n\n\n<pre id=\"text-news-description\" class=\"wp-block-preformatted\">   PAR\u00cdS, 9 dic (Xinhua) -- El ministro franc\u00e9s de Educaci\u00f3n Nacional, Juventud y Deportes, Jean-Michel Blanquer, confirm\u00f3 hoy jueves que Francia no se unir\u00e1 al boicot diplom\u00e1tico de los pr\u00f3ximos Juegos Ol\u00edmpicos de Invierno de Beijing.\n   \"El deporte debe preservarse tanto como sea posible de la injerencia pol\u00edtica. De lo contrario, puede ir en cualquier direcci\u00f3n y acabaremos matando todas las competencias\", dijo a BFMTV.\n   El Gobierno franc\u00e9s enviar\u00e1 a su ministra delegada de Deportes, Roxana Maracineanu, a los Juegos Ol\u00edmpicos de Invierno de Beijing, y a la secretaria de Estado encargada de las Personas con Discapacidad, Sophie Cluzel, a los Juegos Paral\u00edmpicos. <\/pre>\n","protected":false},"excerpt":{"rendered":"<p>diariodominicano.com PAR\u00cdS, 9 dic (Xinhua) &#8212; El ministro franc\u00e9s de Educaci\u00f3n Nacional, Juventud y Deportes, Jean-Michel Blanquer, confirm\u00f3 hoy jueves que Francia no se unir\u00e1 al boicot diplom\u00e1tico de los pr\u00f3ximos Juegos Ol\u00edmpicos de Invierno de Beijing. \u00abEl deporte debe preservarse tanto como sea posible de la injerencia pol\u00edtica. De lo contrario, puede ir en [&hellip;]<\/p>\n","protected":false},"author":5,"featured_media":315244,"comment_status":"closed","ping_status":"","sticky":true,"template":"","format":"standard","meta":{"footnotes":""},"categories":[23,27],"tags":[],"class_list":["post-315243","post","type-post","status-publish","format-standard","has-post-thumbnail","hentry","category-internacional","category-portada"],"_links":{"self":[{"href":"https:\/\/diariodominicano.com\/index.php?rest_route=\/wp\/v2\/posts\/315243","targetHints":{"allow":["GET"]}}],"collection":[{"href":"https:\/\/diariodominicano.com\/index.php?rest_route=\/wp\/v2\/posts"}],"about":[{"href":"https:\/\/diariodominicano.com\/index.php?rest_route=\/wp\/v2\/types\/post"}],"author":[{"embeddable":true,"href":"https:\/\/diariodominicano.com\/index.php?rest_route=\/wp\/v2\/users\/5"}],"replies":[{"embeddable":true,"href":"https:\/\/diariodominicano.com\/index.php?rest_route=%2Fwp%2Fv2%2Fcomments&post=315243"}],"version-history":[{"count":1,"href":"https:\/\/diariodominicano.com\/index.php?rest_route=\/wp\/v2\/posts\/315243\/revisions"}],"predecessor-version":[{"id":315245,"href":"https:\/\/diariodominicano.com\/index.php?rest_route=\/wp\/v2\/posts\/315243\/revisions\/315245"}],"wp:featuredmedia":[{"embeddable":true,"href":"https:\/\/diariodominicano.com\/index.php?rest_route=\/wp\/v2\/media\/315244"}],"wp:attachment":[{"href":"https:\/\/diariodominicano.com\/index.php?rest_route=%2Fwp%2Fv2%2Fmedia&parent=315243"}],"wp:term":[{"taxonomy":"category","embeddable":true,"href":"https:\/\/diariodominicano.com\/index.php?rest_route=%2Fwp%2Fv2%2Fcategories&post=315243"},{"taxonomy":"post_tag","embeddable":true,"href":"https:\/\/diariodominicano.com\/index.php?rest_route=%2Fwp%2Fv2%2Ftags&post=315243"}],"curies":[{"name":"wp","href":"https:\/\/api.w.org\/{rel}","templated":true}]}}